{"id":1021691,"date":"2026-09-01T09:41:12","date_gmt":"2026-09-01T13:41:12","guid":{"rendered":""},"modified":"2026-09-01T13:54:59","modified_gmt":"2026-09-01T17:54:59","slug":"upr-bayamon-entra-en-modalidad-remota-por-huelga-de-trabajadores","status":"publish","type":"post","link":"https:\/\/noticel.com\/en\/noticias\/20260901\/upr-bayamon-entra-en-modalidad-remota-por-huelga-de-trabajadores\/","title":{"rendered":"UPR Bayam\u00f3n entra en modalidad remota por huelga de trabajadores"},"content":{"rendered":"<p>La Universidad de Puerto Rico en Bayam\u00f3n (UPRB) inform\u00f3 que retomar\u00e1 el ofrecimiento de sus cursos mediante modalidades remotas como parte de las medidas adoptadas ante la huelga iniciada hoy, martes, 1 de septiembre, por el Sindicato de Trabajadores.<\/p>\n\n\n\n<p>Los cursos que se ofrecen completamente en l\u00ednea, as\u00ed como aquellos en modalidad h\u00edbrida que cuentan con componentes a distancia, podr\u00e1n continuar seg\u00fan programados. De igual forma, a partir de las 10:00 a. m., los cursos presenciales podr\u00e1n hacer uso del componente de educaci\u00f3n por v\u00edas remotas autorizado para garantizar la continuidad del proceso acad\u00e9mico.<\/p>\n\n\n\n<p>\u201cAnte esta situaci\u00f3n, nuestra prioridad es mantener la continuidad acad\u00e9mica y ofrecer alternativas que permitan a nuestros estudiantes continuar con sus cursos. Seguiremos evaluando el desarrollo de este proceso y comunicando cualquier cambio que pueda impactar a nuestra comunidad universitaria\u201d, expres\u00f3 el rector interino de UPR Bayam\u00f3n, Dr. Jorge Rovira \u00c1lvarez.<\/p>\n\n\n\n<p>En cuanto al personal administrativo, de mantenimiento, planta f\u00edsica y de confianza, la Oficina de Recursos Humanos estableci\u00f3 un proceso para registrar la asistencia durante los distintos turnos de trabajo. Asimismo, el teletrabajo estar\u00e1 disponible \u00fanicamente para aquellos empleados cuyas funciones cualifiquen para esta modalidad, previa comunicaci\u00f3n con sus supervisores.<\/p><div class=\"notic-content-middle\" id=\"notic-2520337951\"><div class=\"notic-adlabel\">Advertisements<\/div><a data-no-instant=\"1\" href=\"https:\/\/www.asegurate-bien.com\/\" rel=\"noopener\" class=\"a2t-link\" target=\"_blank\" aria-label=\"Acodese-Adaptaciones-Noticel-728&#215;90\"><img loading=\"lazy\" decoding=\"async\" src=\"https:\/\/cdn.noticel.com\/2026\/07\/30095222\/Acodese-Adaptaciones-Noticel-728x90-1.jpg\" alt=\"\"  srcset=\"https:\/\/cdn.noticel.com\/2026\/07\/30095222\/Acodese-Adaptaciones-Noticel-728x90-1.jpg 728w, https:\/\/cdn.noticel.com\/2026\/07\/30095222\/Acodese-Adaptaciones-Noticel-728x90-1-300x37.jpg 300w, https:\/\/cdn.noticel.com\/2026\/07\/30095222\/Acodese-Adaptaciones-Noticel-728x90-1-18x2.jpg 18w\" sizes=\"(max-width: 728px) 100vw, 728px\" width=\"728\" height=\"90\"   \/><\/a><\/div>\n\n\n\n<p>\u201cEstamos manejando este proceso con responsabilidad, procurando mantener los servicios esenciales y reducir al m\u00ednimo cualquier impacto sobre nuestros estudiantes y la comunidad universitaria\u201d, a\u00f1adi\u00f3 Rovira \u00c1lvarez.<\/p>\n\n\n\n<p>UPR Bayam\u00f3n exhort\u00f3 a estudiantes, facultad y empleados a mantenerse atentos a las redes sociales y canales oficiales de la instituci\u00f3n, donde se continuar\u00e1 compartiendo informaci\u00f3n actualizada sobre el desarrollo de la situaci\u00f3n y cualquier modificaci\u00f3n a las operaciones acad\u00e9micas y administrativas.<\/p>\n\n\n\n<p>Historia relacionada: <a href=\"https:\/\/noticel.com\/en\/noticias\/20260901\/presidenta-de-la-upr-afirma-que-la-institucion-es-la-que-debe-seleccionar-el-proveedor-de-salud\/\" title=\"\">Presidenta de la UPR afirma que la instituci\u00f3n es la que debe seleccionar el proveedor de salud<\/a><\/p>","protected":false},"excerpt":{"rendered":"<p>La Universidad de Puerto Rico en Bayam\u00f3n (UPRB) inform\u00f3 que retomar\u00e1 el ofrecimiento de sus cursos mediante modalidades remotas como parte de las medidas adoptadas ante la huelga iniciada hoy, martes, 1 de septiembre, por el Sindicato de Trabajadores. Los cursos que se ofrecen completamente en l\u00ednea, as\u00ed como aquellos en modalidad h\u00edbrida que cuentan [&hellip;]<\/p>","protected":false},"author":100,"featured_media":1021692,"comment_status":"open","ping_status":"open","sticky":false,"template":"","format":"standard","meta":{"_acf_changed":false,"_monsterinsights_skip_tracking":false,"ep_exclude_from_search":false,"footnotes":""},"categories":[11,4,12,3],"tags":[3108,4648],"class_list":["post-1021691","post","type-post","status-publish","format-standard","has-post-thumbnail","hentry","category-educacion","category-gobierno","category-la-calle","category-noticias","tag-huelga","tag-upr-bayamon"],"acf":[],"aioseo_notices":[],"_links":{"self":[{"href":"https:\/\/noticel.com\/en\/wp-json\/wp\/v2\/posts\/1021691","targetHints":{"allow":["GET"]}}],"collection":[{"href":"https:\/\/noticel.com\/en\/wp-json\/wp\/v2\/posts"}],"about":[{"href":"https:\/\/noticel.com\/en\/wp-json\/wp\/v2\/types\/post"}],"author":[{"embeddable":true,"href":"https:\/\/noticel.com\/en\/wp-json\/wp\/v2\/users\/100"}],"replies":[{"embeddable":true,"href":"https:\/\/noticel.com\/en\/wp-json\/wp\/v2\/comments?post=1021691"}],"version-history":[{"count":1,"href":"https:\/\/noticel.com\/en\/wp-json\/wp\/v2\/posts\/1021691\/revisions"}],"predecessor-version":[{"id":1021693,"href":"https:\/\/noticel.com\/en\/wp-json\/wp\/v2\/posts\/1021691\/revisions\/1021693"}],"wp:featuredmedia":[{"embeddable":true,"href":"https:\/\/noticel.com\/en\/wp-json\/wp\/v2\/media\/1021692"}],"wp:attachment":[{"href":"https:\/\/noticel.com\/en\/wp-json\/wp\/v2\/media?parent=1021691"}],"wp:term":[{"taxonomy":"category","embeddable":true,"href":"https:\/\/noticel.com\/en\/wp-json\/wp\/v2\/categories?post=1021691"},{"taxonomy":"post_tag","embeddable":true,"href":"https:\/\/noticel.com\/en\/wp-json\/wp\/v2\/tags?post=1021691"}],"curies":[{"name":"wp","href":"https:\/\/api.w.org\/{rel}","templated":true}]}}