{"id":1021677,"date":"2026-09-01T08:58:07","date_gmt":"2026-09-01T12:58:07","guid":{"rendered":""},"modified":"2026-09-01T09:24:46","modified_gmt":"2026-09-01T13:24:46","slug":"presidenta-de-la-upr-afirma-que-la-institucion-es-la-que-debe-seleccionar-el-proveedor-de-salud","status":"publish","type":"post","link":"https:\/\/noticel.com\/en\/noticias\/20260901\/presidenta-de-la-upr-afirma-que-la-institucion-es-la-que-debe-seleccionar-el-proveedor-de-salud\/","title":{"rendered":"Presidenta de la UPR afirma que la instituci\u00f3n es la que debe seleccionar el proveedor de salud"},"content":{"rendered":"<p>La presidenta de la Universidad de Puerto Rico (UPR), Zayira Jord\u00e1n Conde, lament\u00f3 el inicio de la huelga del Sindicato de Trabajadores, principalmente por el efecto que ha tenido en el Recinto de Ciencias M\u00e9dicas en cuanto a la cancelaci\u00f3n de citas m\u00e9dicas.<\/p>\n\n\n\n<p>En entrevista radial (Magic 97.3 FM) Jord\u00e1n Conde explic\u00f3 que el tranque con el sindicato tiene que ver con la selecci\u00f3n de la empresa que ofrecer\u00e1 la cobertura m\u00e9dica de los empleados unionados del sindicato.<\/p>\n\n\n\n<p>\u201cLa huelga se ha sentido m\u00e1s en Ciencias M\u00e9dicas porque hemos tenido que cancelar m\u00e1s de 700 citas\u2026 y para ma\u00f1ana otras tantas m\u00e1s si contin\u00faa esto. Pero solo han cerrado portones en Bayam\u00f3n. En ning\u00fan otro recinto se ha reportado cierre de portones\u201d, dijo la presidenta.<\/p>\n\n\n\n<p>\u201cEl sindicato hab\u00eda anunciado voto de huelga la semana pasada. Nosotros nos dimos a la tarea de gestionar que siguiera la cobertura. El sindicato quiere un plan m\u00e9dico (Triple S), pero la universidad no particip\u00f3 en esa negociaci\u00f3n por lo que no podemos por ley aceptar eso porque no sabemos si hubo solicitud de propuestas ni subasta y no tenemos claridad respecto a la contrataci\u00f3n de ese nuevo plan\u201d, indic\u00f3 la funcionaria.<\/p>\n\n\n\n<p>Sin embargo, el presidente del sindicato, David Mu\u00f1oz, asegur\u00f3 que los documentos fueron entregados en varias ocasiones y que la administraci\u00f3n estableci\u00f3 el 1ro de octubre como la fecha l\u00edmite para llevar a cabo una nueva evaluaci\u00f3n.\u00a0<\/p>\n\n\n\n<p>\u201cNosotros vamos a conducir un proceso de solicitud de propuestas, que es lo que corresponde, para seleccionar al proveedor de servicios que corresponda. Es un proceso requerido por ley y es para garantizar el buen uso de los fondos p\u00fablicos\u201d, a\u00f1adi\u00f3 la funcionaria.<\/p><div class=\"notic-content-middle\" id=\"notic-3612669022\"><div class=\"notic-adlabel\">Advertisements<\/div><a data-no-instant=\"1\" href=\"https:\/\/www.asegurate-bien.com\/\" rel=\"noopener\" class=\"a2t-link\" target=\"_blank\" aria-label=\"Acodese-Adaptaciones-Noticel-300&#215;600\"><img loading=\"lazy\" decoding=\"async\" src=\"https:\/\/cdn.noticel.com\/2026\/05\/30094652\/Acodese-Adaptaciones-Noticel-300x600-1.jpg\" alt=\"\"  srcset=\"https:\/\/cdn.noticel.com\/2026\/05\/30094652\/Acodese-Adaptaciones-Noticel-300x600-1.jpg 300w, https:\/\/cdn.noticel.com\/2026\/05\/30094652\/Acodese-Adaptaciones-Noticel-300x600-1-150x300.jpg 150w, https:\/\/cdn.noticel.com\/2026\/05\/30094652\/Acodese-Adaptaciones-Noticel-300x600-1-6x12.jpg 6w\" sizes=\"(max-width: 300px) 100vw, 300px\" width=\"300\" height=\"600\"   \/><\/a><\/div>\n\n\n\n<p>Jord\u00e1n Conde explic\u00f3 que la Junta de Gobierno de la UPR es la que decide el plan que se ofrecer\u00e1 y que la Junta decidi\u00f3 que se ofrecer\u00e1 MCS por los pr\u00f3ximos seis meses, mientras siguen escuchando ofertas o licitaciones. \u00abNos dimos a la tarea de continuar la cobertura m\u00e9dica continua de los empleados del sindicato y a partir de hoy tienen cobertura con el mismo plan que el resto de los empleados de la universidad, que es MCS\u00bb, expres\u00f3.<\/p>\n\n\n\n<p>Seg\u00fan el sindicato, Triple S le ahorra m\u00e1s de $800,000 anuales a la Universidad y mantiene una cobertura mayor en comparaci\u00f3n con el plan institucional.<\/p>\n\n\n\n<p>Esta ma\u00f1ana se inform\u00f3 de una manifestaci\u00f3n en la entrada del Recinto de Humacao en la que participan alrededor de 40 personas en reclamo del nuevo plan m\u00e9dico para los trabajadores.<\/p>\n\n\n\n<p>Tambi\u00e9n se cit\u00f3 a una protesta desde las 9:00 am frente a la torre del Recinto de R\u00edo Piedras.<\/p>\n\n\n\n<p>Historia relacionada: <a href=\"https:\/\/noticel.com\/en\/ultima-hora\/20260827\/sindicato-de-la-upr-aprueba-voto-de-huelga-en-medio-de-negociacion-por-el-plan-medico\/\" title=\"\">Sindicato de la UPR aprueba voto de huelga en medio de negociaci\u00f3n por el plan m\u00e9dico<\/a><\/p>","protected":false},"excerpt":{"rendered":"<p>La presidenta de la Universidad de Puerto Rico (UPR), Zayira Jord\u00e1n Conde, lament\u00f3 el inicio de la huelga del Sindicato de Trabajadores, principalmente por el efecto que ha tenido en el Recinto de Ciencias M\u00e9dicas en cuanto a la cancelaci\u00f3n de citas m\u00e9dicas. En entrevista radial (Magic 97.3 FM) Jord\u00e1n Conde explic\u00f3 que el tranque [&hellip;]<\/p>","protected":false},"author":100,"featured_media":1021684,"comment_status":"open","ping_status":"open","sticky":false,"template":"","format":"standard","meta":{"_acf_changed":false,"_monsterinsights_skip_tracking":false,"ep_exclude_from_search":false,"footnotes":""},"categories":[12,3],"tags":[3108,2548,201],"class_list":["post-1021677","post","type-post","status-publish","format-standard","has-post-thumbnail","hentry","category-la-calle","category-noticias","tag-huelga","tag-sindicato-de-trabajadores-upr","tag-upr"],"acf":[],"aioseo_notices":[],"_links":{"self":[{"href":"https:\/\/noticel.com\/en\/wp-json\/wp\/v2\/posts\/1021677","targetHints":{"allow":["GET"]}}],"collection":[{"href":"https:\/\/noticel.com\/en\/wp-json\/wp\/v2\/posts"}],"about":[{"href":"https:\/\/noticel.com\/en\/wp-json\/wp\/v2\/types\/post"}],"author":[{"embeddable":true,"href":"https:\/\/noticel.com\/en\/wp-json\/wp\/v2\/users\/100"}],"replies":[{"embeddable":true,"href":"https:\/\/noticel.com\/en\/wp-json\/wp\/v2\/comments?post=1021677"}],"version-history":[{"count":2,"href":"https:\/\/noticel.com\/en\/wp-json\/wp\/v2\/posts\/1021677\/revisions"}],"predecessor-version":[{"id":1021688,"href":"https:\/\/noticel.com\/en\/wp-json\/wp\/v2\/posts\/1021677\/revisions\/1021688"}],"wp:featuredmedia":[{"embeddable":true,"href":"https:\/\/noticel.com\/en\/wp-json\/wp\/v2\/media\/1021684"}],"wp:attachment":[{"href":"https:\/\/noticel.com\/en\/wp-json\/wp\/v2\/media?parent=1021677"}],"wp:term":[{"taxonomy":"category","embeddable":true,"href":"https:\/\/noticel.com\/en\/wp-json\/wp\/v2\/categories?post=1021677"},{"taxonomy":"post_tag","embeddable":true,"href":"https:\/\/noticel.com\/en\/wp-json\/wp\/v2\/tags?post=1021677"}],"curies":[{"name":"wp","href":"https:\/\/api.w.org\/{rel}","templated":true}]}}