{"id":1021675,"date":"2026-09-02T05:48:00","date_gmt":"2026-09-02T09:48:00","guid":{"rendered":""},"modified":"2026-09-02T07:22:35","modified_gmt":"2026-09-02T11:22:35","slug":"crecio-levemente-la-actividad-manufacturera-en-junio","status":"publish","type":"post","link":"https:\/\/noticel.com\/en\/economia\/20260902\/crecio-levemente-la-actividad-manufacturera-en-junio\/","title":{"rendered":"Creci\u00f3 levemente la actividad manufacturera en junio"},"content":{"rendered":"<p>Tras siete meses de contracci\u00f3n en la actividad manufacturera, el \u00cdndice Coincidente en&nbsp;la Manufactura&nbsp;(ICM) durante junio de 2026 registr\u00f3 el avance m\u00e1s pronunciado desde mayo de 2025, seg\u00fan el an\u00e1lisis del economista \u00c1ngel Rivera Monta\u00f1ez.<\/p>\n\n\n\n<p>Este \u00edndice es parte del \u00cdndice de Indicadores&nbsp;Coincidentes&nbsp;(IIC) para Puerto Rico.<\/p>\n\n\n\n<p>El an\u00e1lisis apunta a que los componentes del Salario Promedio Semanal y las exportaciones fueron los responsables en el rumbo de la actividad industrial durante junio.\u00a0El empleo asalariado no agr\u00edcola, que ha mostrado cifras de agotamiento al reflejar un patr\u00f3n a la baja desde abril de 2024, tambi\u00e9n contribuy\u00f3 positivamente al incremento de este mes.<\/p>\n\n\n\n<p>Al cierre del a\u00f1o fiscal 2026, la actividad sectorial registr\u00f3 una reducci\u00f3n en su valor, siendo la segunda ca\u00edda consecutiva y que confirma los retos que enfrenta el sector, indic\u00f3 Rivera Monta\u00f1ez.\u00a0De la misma manera, el valor promedio para el primer semestre de 2026 tambi\u00e9n revel\u00f3 una ca\u00edda en su valor.<\/p>\n\n\n\n<p>Durante el \u00faltimo trimestre disponible (2T-2026) se registr\u00f3 una reducci\u00f3n, siendo la tercera en l\u00ednea.\u00a0A una tasa anual, el valor promedio del \u00edndice volvi\u00f3 a registrar un descenso en su valor.<\/p>\n\n\n\n<p>Seg\u00fan Rivera Monta\u00f1ez, la actividad sectorial contin\u00faa enfrentando un entorno hostil caracterizado por una alta volatilidad e incertidumbre, tanto a nivel local como internacional. A esto se suma un entorno de una infraestructura fr\u00e1gil y un clima econ\u00f3mico global menos optimista, lo que amenaza con neutralizar las expectativas de estabilizaci\u00f3n en el sector como resultado de los compromisos de nuevas empresas interesadas en establecer operaciones en Puerto Rico.\u00a0Estos compromisos deben traer mayor estabilidad sectorial y crear un clima de negocios m\u00e1s atractivo.<\/p>\n\n\n\n<p>Este periodo es cr\u00edtico para consolidar un ecosistema empresarial s\u00f3lido y confiable. &nbsp;La estabilidad institucional, la competitividad de costos y la capacidad de atraer inversi\u00f3n ser\u00e1n determinantes para revertir la tendencia actual, incluso en un entorno global m\u00e1s fr\u00e1gil.<\/p><div class=\"notic-content-middle\" id=\"notic-259103263\"><div class=\"notic-adlabel\">Advertisements<\/div><a data-no-instant=\"1\" href=\"https:\/\/www.asegurate-bien.com\/\" rel=\"noopener\" class=\"a2t-link\" target=\"_blank\" aria-label=\"Acodese-Adaptaciones-Noticel-300&#215;250\"><img loading=\"lazy\" decoding=\"async\" src=\"https:\/\/cdn.noticel.com\/2026\/05\/30094423\/Acodese-Adaptaciones-Noticel-300x250-1.jpg\" alt=\"\"  srcset=\"https:\/\/cdn.noticel.com\/2026\/05\/30094423\/Acodese-Adaptaciones-Noticel-300x250-1.jpg 300w, https:\/\/cdn.noticel.com\/2026\/05\/30094423\/Acodese-Adaptaciones-Noticel-300x250-1-14x12.jpg 14w\" sizes=\"(max-width: 300px) 100vw, 300px\" width=\"300\" height=\"250\"   \/><\/a><\/div>\n\n\n\n<p>La actividad industrial en junio de 2026 aument\u00f3 por 0.6% con relaci\u00f3n al mes anterior, esto seg\u00fan el \u00cdndice Coincidente en la Manufactura (ICM).\u00a0El valor preliminar fue de 104.5 puntos. Este es el primer aumento registrado tras siete meses de ca\u00eddas sucesivas, estabilizando la tendencia de contracci\u00f3n que se observa en el sector industrial.<\/p>\n\n\n\n<p>A una tasa anual, el ICM registr\u00f3 una baja de 1.6% con relaci\u00f3n al mismo mes del a\u00f1o anterior, siendo la tercera reducci\u00f3n consecutiva.<\/p>\n\n\n\n<p>El valor promedio acumulado del a\u00f1o fiscal 2026 en el ICM reflej\u00f3 una tasa de decrecimiento de -0.4% con relaci\u00f3n al a\u00f1o fiscal anterior.<\/p>\n\n\n\n<p>El valor promedio durante el primer semestre del a\u00f1o calendario 2026 present\u00f3 una reducci\u00f3n en la actividad industrial de -0.5% con relaci\u00f3n al mismo periodo del a\u00f1o calendario anterior, una mejor\u00eda considerando la notable ca\u00edda en el sector durante el mismo ciclo de 2025.<\/p>\n\n\n\n<p>El valor promedio del ICM durante el 2T-2026 reflej\u00f3, a una tasa trimestral, una reducci\u00f3n 0.6%, siendo el tercer trimestre a la baja.\u00a0Mientras, a una tasa anual, el valor promedio del ICM registr\u00f3 una baja de 1.5%, esto tras haber reportado un alza durante el trimestre anterior.<\/p>\n\n\n\n<p>La actividad econ\u00f3mica registr\u00f3 un repunte en junio de 2026 seg\u00fan el \u00cdndice de Indicadores Coincidentes (IIC), interrumpiendo seis meses consecutivos de ca\u00eddas.\u00a0Los componentes del \u00edndice de manufactura y las ventas al detal lideraron el avance del mes. Este repunte rompe, por ahora, el patr\u00f3n sostenido de contracci\u00f3n mensual, aunque persisten fundamentos suficientes para evaluar si la econom\u00eda ya se encuentra en recesi\u00f3n o en transici\u00f3n hacia ella.\u00a0<\/p>","protected":false},"excerpt":{"rendered":"<p>Tras siete meses de contracci\u00f3n en la actividad manufacturera, el \u00cdndice Coincidente en&nbsp;la Manufactura&nbsp;(ICM) durante junio de 2026 registr\u00f3 el avance m\u00e1s pronunciado desde mayo de 2025, seg\u00fan el an\u00e1lisis del economista \u00c1ngel Rivera Monta\u00f1ez. Este \u00edndice es parte del \u00cdndice de Indicadores&nbsp;Coincidentes&nbsp;(IIC) para Puerto Rico. El an\u00e1lisis apunta a que los componentes del Salario [&hellip;]<\/p>","protected":false},"author":100,"featured_media":986137,"comment_status":"open","ping_status":"open","sticky":false,"template":"","format":"standard","meta":{"_acf_changed":false,"_monsterinsights_skip_tracking":false,"ep_exclude_from_search":false,"footnotes":""},"categories":[22,26],"tags":[3957,1660],"class_list":["post-1021675","post","type-post","status-publish","format-standard","has-post-thumbnail","hentry","category-economia","category-empresarismo","tag-indice","tag-manufactura"],"acf":[],"aioseo_notices":[],"_links":{"self":[{"href":"https:\/\/noticel.com\/en\/wp-json\/wp\/v2\/posts\/1021675","targetHints":{"allow":["GET"]}}],"collection":[{"href":"https:\/\/noticel.com\/en\/wp-json\/wp\/v2\/posts"}],"about":[{"href":"https:\/\/noticel.com\/en\/wp-json\/wp\/v2\/types\/post"}],"author":[{"embeddable":true,"href":"https:\/\/noticel.com\/en\/wp-json\/wp\/v2\/users\/100"}],"replies":[{"embeddable":true,"href":"https:\/\/noticel.com\/en\/wp-json\/wp\/v2\/comments?post=1021675"}],"version-history":[{"count":4,"href":"https:\/\/noticel.com\/en\/wp-json\/wp\/v2\/posts\/1021675\/revisions"}],"predecessor-version":[{"id":1021902,"href":"https:\/\/noticel.com\/en\/wp-json\/wp\/v2\/posts\/1021675\/revisions\/1021902"}],"wp:featuredmedia":[{"embeddable":true,"href":"https:\/\/noticel.com\/en\/wp-json\/wp\/v2\/media\/986137"}],"wp:attachment":[{"href":"https:\/\/noticel.com\/en\/wp-json\/wp\/v2\/media?parent=1021675"}],"wp:term":[{"taxonomy":"category","embeddable":true,"href":"https:\/\/noticel.com\/en\/wp-json\/wp\/v2\/categories?post=1021675"},{"taxonomy":"post_tag","embeddable":true,"href":"https:\/\/noticel.com\/en\/wp-json\/wp\/v2\/tags?post=1021675"}],"curies":[{"name":"wp","href":"https:\/\/api.w.org\/{rel}","templated":true}]}}