{"id":1021669,"date":"2026-09-01T08:30:22","date_gmt":"2026-09-01T12:30:22","guid":{"rendered":""},"modified":"2026-09-01T08:35:58","modified_gmt":"2026-09-01T12:35:58","slug":"alcaraz-y-sabalenka-lo-retoman-por-donde-lo-habian-dejado-trungelliti-y-tabilo-avanzan","status":"publish","type":"post","link":"https:\/\/noticel.com\/en\/deportes\/20260901\/alcaraz-y-sabalenka-lo-retoman-por-donde-lo-habian-dejado-trungelliti-y-tabilo-avanzan\/","title":{"rendered":"Alcaraz y Sabalenka lo retoman por donde lo hab\u00edan dejado; Trungelliti y Tabilo avanzan"},"content":{"rendered":"<p>Redacci\u00f3n Deportes (EE.UU.), (EFE).- El espa\u00f1ol Carlos Alcaraz y la bielorrusa Aryna Sabalenka, defensores del t\u00edtulo respectivamente en categor\u00eda masculina y femenina, retomaron este lunes el Abierto de Estados Unidos por donde lo hab\u00edan dejado, con victorias contra el ruso Roman Safiullin y la colombiana Mar\u00eda Camila Osorio.<\/p>\n\n\n\n<p>Tras la campanada del d\u00eda inaugural, con la eliminaci\u00f3n del serbio Novak Djokovic ante el argentino Mariano Navone, este lunes la sorpresa fue la derrota del franc\u00e9s Arthur Fils, flamante campe\u00f3n de Cincinnati, contra el griego Stefanos Tsitsipas (4-6, 7-6(3), 6-1 y 6-4).<\/p>\n\n\n\n<p>Alcaraz regres\u00f3 a la competici\u00f3n individual tras 139 d\u00edas de baja por una lesi\u00f3n de mu\u00f1eca y lo hizo con autoridad, al imponerse a Safiullin por 6-4, 6-4 y 6-4 para iniciar la defensa de su t\u00edtulo en el Abierto de Estados Unidos.<\/p>\n\n\n\n<p>El murciano, que reaparec\u00eda en la Arthur Ashe, resolvi\u00f3 en dos horas y 21 minutos un partido exigente ante un rival firme con el saque y se medir\u00e1 en segunda ronda con el portugu\u00e9s Jaime Faria.<\/p>\n\n\n\n<p>Aryna Sabalenka, n\u00famero 1 del mundo, comenz\u00f3 con buen pie la defensa de su corona en Nueva York al vencer a Osorio por 6-2 y 6-4. La campeona sum\u00f3 su decimocuarta victoria consecutiva en Flushing Meadows y se enfrentar\u00e1 en la siguiente ronda a la rusa Polina Iatcenko, procedente de la fase previa.<\/p>\n\n\n\n<p>Tambi\u00e9n avanz\u00f3 la polaca Iga Swiatek, octava cabeza de serie y campeona del torneo en 2022, que derrot\u00f3 a la china Wang Xiyu por 6-2 y 6-3. Swiatek ser\u00e1 rival de la argentina Nadia Podoroska, quien remont\u00f3 a la suiza Simona Waltert para imponerse por 4-6, 7-6(6) y 6-3.<\/p>\n\n\n\n<p>En el programa nocturno, Ben Shelton, n\u00famero 9 del mundo y reciente campe\u00f3n en Montreal, gan\u00f3 por 1-6, 6-1, 7-6(3) y 6-2 ante el holand\u00e9s Tallon Griekspoor.<\/p>\n\n\n\n<h2 class=\"wp-block-heading\"><strong>La expedici\u00f3n espa\u00f1ola<\/strong><\/h2>\n\n\n\n<p>En la expedici\u00f3n espa\u00f1ola, Oksana Selekhmeteva se clasific\u00f3 para la segunda ronda tras derrotar a la japonesa Aoi Ito por 6-2 y 6-4, y se enfrentar\u00e1 a la uzbeka Kamilla Rakhimova.<\/p>\n\n\n\n<p>Se sum\u00f3 a Cristina Bucsa, que tambi\u00e9n super\u00f3 su debut ante la japonesa Himeno Sakatsume. En cambio, Mart\u00edn Landaluce dej\u00f3 escapar una gran oportunidad ante el brit\u00e1nico Jacob Fearnley: sac\u00f3 con 5-2 y dos roturas de ventaja en el cuarto set, pero acab\u00f3 perdiendo por 4-6, 6-2, 4-6, 7-5 y 6-3. Fearnley se medir\u00e1 ahora con el argentino Tom\u00e1s Etcheverry.<\/p>\n\n\n\n<p>Etcheverry avanz\u00f3 con una contundente victoria por 6-3, 6-4 y 6-0 contra el checo V\u00edt Kopriva.<\/p>\n\n\n\n<figure class=\"wp-block-image size-large\"><img loading=\"lazy\" decoding=\"async\" width=\"1024\" height=\"704\" src=\"https:\/\/cdn.noticel.com\/2026\/09\/01083421\/34270b999323d13b565fbe395b6bfc2875d0f95e-1024x704.jpg\" alt=\"\" class=\"wp-image-1021671\" srcset=\"https:\/\/cdn.noticel.com\/2026\/09\/01083421\/34270b999323d13b565fbe395b6bfc2875d0f95e-1024x704.jpg 1024w, https:\/\/cdn.noticel.com\/2026\/09\/01083421\/34270b999323d13b565fbe395b6bfc2875d0f95e-300x206.jpg 300w, https:\/\/cdn.noticel.com\/2026\/09\/01083421\/34270b999323d13b565fbe395b6bfc2875d0f95e-768x528.jpg 768w, https:\/\/cdn.noticel.com\/2026\/09\/01083421\/34270b999323d13b565fbe395b6bfc2875d0f95e-1536x1056.jpg 1536w, https:\/\/cdn.noticel.com\/2026\/09\/01083421\/34270b999323d13b565fbe395b6bfc2875d0f95e-18x12.jpg 18w, https:\/\/cdn.noticel.com\/2026\/09\/01083421\/34270b999323d13b565fbe395b6bfc2875d0f95e.jpg 1600w\" sizes=\"auto, (max-width: 1024px) 100vw, 1024px\" \/><figcaption class=\"wp-element-caption\"><em>Carlos Alcaraz, tenista espa\u00f1ol en el US Open 2026. EFE\/EPA\/CRISTOBAL HERRERA-ULASHKEVICH<\/em><\/figcaption><\/figure>\n\n\n\n<h2 class=\"wp-block-heading\"><strong>Victorias para Trungelliti y Tabilo<\/strong><\/h2>\n\n\n\n<p>Marco Trungelliti remont\u00f3 al chino Juncheng Shang por 0-6, 7-6(5), 1-6, 6-3 y 6-4, mientras que Nadia Podoroska tambi\u00e9n reaccion\u00f3 para imponerse a la suiza Simona Waltert por 4-6, 7-6(6) y 6-3, resultado que la cit\u00f3 con Iga Swiatek.<\/p>\n\n\n\n<p>En cambio, Sebasti\u00e1n B\u00e1ez fue arrollado por el estadounidense Brandon Nakashima por 6-2, 6-1 y 6-0; Rom\u00e1n Andr\u00e9s Burruchaga cay\u00f3 ante el ruso Karen Khachanov por 6-3, 6-0 y 6-1, y Facundo D\u00edaz Acosta fue eliminado por el franc\u00e9s Quentin Halys, que se impuso por 6-4, 6-7(5), 6-7(7) y 6-1.<\/p>\n\n\n\n<p>Thiago Agust\u00edn Tirante desperdici\u00f3 dos sets de ventaja y cay\u00f3 ante el franc\u00e9s Adrien Mannarino por 4-6, 3-6, 6-3, 6-3 y 6-3.<\/p>\n\n\n\n<p>El chileno Alejandro Tabilo, vig\u00e9simo octavo favorito, derrot\u00f3 al alem\u00e1n Yannick Hanfmann por 6-3, 6-2, 6-7(7) y 6-3, tras conceder una sola rotura de servicio, y jugar\u00e1 contra el ganador del duelo entre el b\u00falgaro Grigor Dimitrov y el australiano Alexei Popyrin. Su compatriota Tom\u00e1s Barrios Vera cay\u00f3 por 6-3, 6-4 y 6-2 ante el belga Alexander Blockx.<\/p>\n\n\n\n<p>La jornada tambi\u00e9n marc\u00f3 la despedida del suizo Stan Wawrinka, de 41 a\u00f1os, que disputaba por \u00faltima vez el torneo neoyorquino antes de su previsto retiro al final de la temporada.<\/p>\n\n\n\n<p>El campe\u00f3n de 2016, invitado por la organizaci\u00f3n, perdi\u00f3 ante el italiano Matteo Berrettini por 7-6(4), 7-6(3) y 6-0 y recibi\u00f3 una sentida ovaci\u00f3n del p\u00fablico, adem\u00e1s de un homenaje en la pista con un v\u00eddeo de sus \u00e9xitos en Flushing Meadows.<\/p>","protected":false},"excerpt":{"rendered":"<p>Redacci\u00f3n Deportes (EE.UU.), (EFE).- El espa\u00f1ol Carlos Alcaraz y la bielorrusa Aryna Sabalenka, defensores del t\u00edtulo respectivamente en categor\u00eda masculina y femenina, retomaron este lunes el Abierto de Estados Unidos por donde lo hab\u00edan dejado, con victorias contra el ruso Roman Safiullin y la colombiana Mar\u00eda Camila Osorio. Tras la campanada del d\u00eda inaugural, con [&hellip;]<\/p>","protected":false},"author":102,"featured_media":1021670,"comment_status":"open","ping_status":"open","sticky":false,"template":"","format":"standard","meta":{"_acf_changed":false,"_monsterinsights_skip_tracking":false,"ep_exclude_from_search":false,"footnotes":""},"categories":[31,37],"tags":[368,3743],"class_list":["post-1021669","post","type-post","status-publish","format-standard","has-post-thumbnail","hentry","category-deportes","category-tenis","tag-abierto-de-estados-unidos","tag-tenis-de-campo"],"acf":[],"aioseo_notices":[],"_links":{"self":[{"href":"https:\/\/noticel.com\/en\/wp-json\/wp\/v2\/posts\/1021669","targetHints":{"allow":["GET"]}}],"collection":[{"href":"https:\/\/noticel.com\/en\/wp-json\/wp\/v2\/posts"}],"about":[{"href":"https:\/\/noticel.com\/en\/wp-json\/wp\/v2\/types\/post"}],"author":[{"embeddable":true,"href":"https:\/\/noticel.com\/en\/wp-json\/wp\/v2\/users\/102"}],"replies":[{"embeddable":true,"href":"https:\/\/noticel.com\/en\/wp-json\/wp\/v2\/comments?post=1021669"}],"version-history":[{"count":1,"href":"https:\/\/noticel.com\/en\/wp-json\/wp\/v2\/posts\/1021669\/revisions"}],"predecessor-version":[{"id":1021672,"href":"https:\/\/noticel.com\/en\/wp-json\/wp\/v2\/posts\/1021669\/revisions\/1021672"}],"wp:featuredmedia":[{"embeddable":true,"href":"https:\/\/noticel.com\/en\/wp-json\/wp\/v2\/media\/1021670"}],"wp:attachment":[{"href":"https:\/\/noticel.com\/en\/wp-json\/wp\/v2\/media?parent=1021669"}],"wp:term":[{"taxonomy":"category","embeddable":true,"href":"https:\/\/noticel.com\/en\/wp-json\/wp\/v2\/categories?post=1021669"},{"taxonomy":"post_tag","embeddable":true,"href":"https:\/\/noticel.com\/en\/wp-json\/wp\/v2\/tags?post=1021669"}],"curies":[{"name":"wp","href":"https:\/\/api.w.org\/{rel}","templated":true}]}}