{"id":1021655,"date":"2026-09-01T07:07:02","date_gmt":"2026-09-01T11:07:02","guid":{"rendered":""},"modified":"2026-09-01T07:26:08","modified_gmt":"2026-09-01T11:26:08","slug":"healthpromed-acepta-retener-empleados-en-transicion-del-cdt-de-culebra","status":"publish","type":"post","link":"https:\/\/noticel.com\/en\/noticias\/20260901\/healthpromed-acepta-retener-empleados-en-transicion-del-cdt-de-culebra\/","title":{"rendered":"HealthproMed acepta retener empleados en transici\u00f3n del CDT de Culebra"},"content":{"rendered":"<p>Residentes de Culebra, tras reuniones con el Secretario de Salud V\u00edctor Ramos y el centro de salud comunitario HealthproMed, manifestaron su confianza en que al finalmente lograrse que se contrataran los mismos empleados de su Centro de Tratamiento y Diagn\u00f3stico que hab\u00edan recibido cartas de despido ahora puedan mantener la calidad de servicios m\u00e9dicos a los que estaban acostumbrados.<\/p>\n\n\n\n<p>Las organizaciones Foundation for a Better Puerto Rico, la Fundaci\u00f3n de Culebra y Mujeres de Islas, que lideraron el proceso a favor de su CDT, se expresaron satisfechas con las conversaciones que sostuvieron con la directora ejecutiva del centro de salud comunitario HealthproMed, Ivonne Rivera, desde el fin de semana porque fueron cordiales y productivas. HealthproMed administrar\u00e1 el CDT desde hoy 1 de septiembre.<\/p>\n\n\n\n<p>\u201cEn la reuni\u00f3n con el Secretario de Salud, las organizaciones y el personal del CDT, la licenciada Ivonne Rivera les comunic\u00f3 a los trabajadores que todos iban a ser contratados por HealthproMed por un periodo de 90 d\u00edas, a partir de hoy, para evitar una desfase en las operaciones. En ese periodo de tres meses este centro de salud va a licitar en el proceso de Request for Proposal (RFP) para formalmente solicitar la administraci\u00f3n del centro y continuar los servicios como estaban\u201d, indic\u00f3 Dennis Rivera, presidente de Foundation por a Better Puerto Rico.<\/p>\n\n\n\n<p>Rivera a\u00f1adi\u00f3 que \u201cpor los pasados d\u00edas, desde el fin de semana hemos estado discutiendo con la licenciada Rivera c\u00f3mo se pueden mantener los servicios de salud, que se est\u00e1n ofreciendo hasta el momento, que incluyen la sala de emergencia (administrada por Salud), cl\u00ednicas de salud, laboratorios y farmacia. Estamos muy complacidos hoy de que han aceptado las sugerencias de las tres organizaciones sin fines de lucro que representan a la comunidad, en particular lo de retener a los empleados. Ella adem\u00e1s nos ha indicado que se ha comprometido de que cuando vaya a solicitar el RFP va a buscar el aval de la comunidad para incluir las sugerencias en el contrato que gestionar\u00e1\u201d.<\/p><div class=\"notic-content-middle\" id=\"notic-1754764538\"><div class=\"notic-adlabel\">Advertisements<\/div><a data-no-instant=\"1\" href=\"https:\/\/www.asegurate-bien.com\/\" rel=\"noopener\" class=\"a2t-link\" target=\"_blank\" aria-label=\"Acodese-Adaptaciones-Noticel-300&#215;250\"><img loading=\"lazy\" decoding=\"async\" src=\"https:\/\/cdn.noticel.com\/2026\/05\/30094423\/Acodese-Adaptaciones-Noticel-300x250-1.jpg\" alt=\"\"  srcset=\"https:\/\/cdn.noticel.com\/2026\/05\/30094423\/Acodese-Adaptaciones-Noticel-300x250-1.jpg 300w, https:\/\/cdn.noticel.com\/2026\/05\/30094423\/Acodese-Adaptaciones-Noticel-300x250-1-14x12.jpg 14w\" sizes=\"(max-width: 300px) 100vw, 300px\" width=\"300\" height=\"250\"   \/><\/a><\/div>\n\n\n\n<p>\u201cEs muy importante que finalmente oyeron a la comunidad. En estas conversaciones hemos levantado la necesidad de tener un di\u00e1logo concreto de c\u00f3mo vamos a mejorar y mantener los servicios de salud en Culebra, a lo cual se han comprometido. La comunidad necesitaba sentir eso\u201d, manifest\u00f3 por su parte Dulce Del R\u00edo Pineda, coordinadora de Mujeres de Islas.<\/p>\n\n\n\n<p>&nbsp;\u201cEstamos absolutamente satisfechos con el proceso que se ha llevado con la licenciada Rivera, que ha sido muy profesional, muy clara, muy escucha de las necesidades y sugerencias de la comunidad,&nbsp;acept\u00e1ndolas&nbsp;todas y&nbsp;convers\u00e1ndolas&nbsp;con el secretario de Salud. Seguimos vigilantes a todo este proceso porque los procesos son complejos y causan mucha ansiedad\u201d, expres\u00f3 Luz Rivera Cantwill, presidenta de la Fundaci\u00f3n de Culebra.<\/p>\n\n\n\n<p>El contrato temporero de Salud a HealthproMed es por 90 d\u00edas, en lo que se completa el proceso formal de Request for Proposal (RFP) en el que diferentes empresas someter\u00e1n sus propuestas para administrar el CDT a largo plazo, por cinco a\u00f1os. Hubo mucha confusi\u00f3n en el proceso de transici\u00f3n administrativa en el CDT tras anunciarse que el Sistema de Salud Menonita, al no renovarse su contrato tras ocho a\u00f1os de labor en Culebra, cesar\u00eda funciones el 31 de agosto. No fue hasta el mi\u00e9rcoles pasado que Salud anunci\u00f3 la convocatoria de un RFP para seleccionar una nueva compa\u00f1\u00eda y hasta ayer no hab\u00eda habido ofertas formales de trabajo para los empleados del CDT. En la reuni\u00f3n ayer se concret\u00f3 el acuerdo para las ofertas de contrato a los empleados, por tres meses con HealthproMed.<\/p>\n\n\n\n<p>\u201cCelebramos que las conversaciones han tenido \u00e9xito para la comunidad de Culebra. Para HealthproMed es importante trabajar para la comunidad atendiendo sus necesidades de servicios de salud. Nuestra excelencia cl\u00ednica estar\u00e1 al servicio de los culebrenses\u201d, &nbsp;coment\u00f3 la licenciada Rivera, de HealthproMed.<\/p>","protected":false},"excerpt":{"rendered":"<p>Residentes de Culebra, tras reuniones con el Secretario de Salud V\u00edctor Ramos y el centro de salud comunitario HealthproMed, manifestaron su confianza en que al finalmente lograrse que se contrataran los mismos empleados de su Centro de Tratamiento y Diagn\u00f3stico que hab\u00edan recibido cartas de despido ahora puedan mantener la calidad de servicios m\u00e9dicos a [&hellip;]<\/p>","protected":false},"author":100,"featured_media":1021656,"comment_status":"open","ping_status":"open","sticky":false,"template":"","format":"standard","meta":{"_acf_changed":false,"_monsterinsights_skip_tracking":false,"ep_exclude_from_search":false,"footnotes":""},"categories":[12,3],"tags":[2588,2598,1600],"class_list":["post-1021655","post","type-post","status-publish","format-standard","has-post-thumbnail","hentry","category-la-calle","category-noticias","tag-cdt","tag-culebra","tag-empleados"],"acf":[],"aioseo_notices":[],"_links":{"self":[{"href":"https:\/\/noticel.com\/en\/wp-json\/wp\/v2\/posts\/1021655","targetHints":{"allow":["GET"]}}],"collection":[{"href":"https:\/\/noticel.com\/en\/wp-json\/wp\/v2\/posts"}],"about":[{"href":"https:\/\/noticel.com\/en\/wp-json\/wp\/v2\/types\/post"}],"author":[{"embeddable":true,"href":"https:\/\/noticel.com\/en\/wp-json\/wp\/v2\/users\/100"}],"replies":[{"embeddable":true,"href":"https:\/\/noticel.com\/en\/wp-json\/wp\/v2\/comments?post=1021655"}],"version-history":[{"count":1,"href":"https:\/\/noticel.com\/en\/wp-json\/wp\/v2\/posts\/1021655\/revisions"}],"predecessor-version":[{"id":1021657,"href":"https:\/\/noticel.com\/en\/wp-json\/wp\/v2\/posts\/1021655\/revisions\/1021657"}],"wp:featuredmedia":[{"embeddable":true,"href":"https:\/\/noticel.com\/en\/wp-json\/wp\/v2\/media\/1021656"}],"wp:attachment":[{"href":"https:\/\/noticel.com\/en\/wp-json\/wp\/v2\/media?parent=1021655"}],"wp:term":[{"taxonomy":"category","embeddable":true,"href":"https:\/\/noticel.com\/en\/wp-json\/wp\/v2\/categories?post=1021655"},{"taxonomy":"post_tag","embeddable":true,"href":"https:\/\/noticel.com\/en\/wp-json\/wp\/v2\/tags?post=1021655"}],"curies":[{"name":"wp","href":"https:\/\/api.w.org\/{rel}","templated":true}]}}