{"id":1021651,"date":"2026-09-01T06:39:42","date_gmt":"2026-09-01T10:39:42","guid":{"rendered":""},"modified":"2026-09-01T06:54:44","modified_gmt":"2026-09-01T10:54:44","slug":"humedad-sobre-la-region-provocara-nuevos-aguaceros-aunque-sigue-el-calor-intenso","status":"publish","type":"post","link":"https:\/\/noticel.com\/en\/noticias\/20260901\/humedad-sobre-la-region-provocara-nuevos-aguaceros-aunque-sigue-el-calor-intenso\/","title":{"rendered":"Humedad sobre la regi\u00f3n provocar\u00e1 nuevos aguaceros, aunque sigue el calor intenso"},"content":{"rendered":"<p>Aguaceros adicionales cruzar\u00e1n el este de Puerto Rico durante la ma\u00f1ana. Durante la tarde se esperan aguaceros y tronadas m\u00e1s fuertes debido a la humedad que permanece sobre la regi\u00f3n y a los efectos locales, inform\u00f3 el Servicio Nacional de Meteorolog\u00eda.<\/p>\n\n\n\n<p>La actividad de aguaceros y tronadas durante la tarde mantendr\u00e1 un riesgo de inundaciones entre limitado y elevado. Tambi\u00e9n existe riesgo de r\u00e1fagas fuertes de viento cerca de los aguaceros m\u00e1s intensos y peligro por rayos.<\/p>\n\n\n\n<p>Existe un riesgo moderado de corrientes marinas en las playas expuestas del norte y este de Puerto Rico hasta esta tarde. Despu\u00e9s, se espera que el riesgo disminuya a bajo durante el resto de la semana y el fin de semana.<\/p>\n\n\n\n<p>Otra onda tropical aumentar\u00e1 las probabilidades de lluvia durante la segunda mitad de la semana laboral. Humedad adicional podr\u00eda llegar a principios de la pr\u00f3xima semana y traer m\u00e1s lluvia beneficiosa para la regi\u00f3n.<\/p>\n\n\n\n<p>Para hoy, aguaceros y tronadas dispersos antes del mediod\u00eda. Entre el mediod\u00eda y las 3:00 p.m. habr\u00e1 aguaceros dispersos, seguidos nuevamente por aguaceros y tronadas despu\u00e9s de las 3:00 p. m. Estar\u00e1 parcialmente soleado, con una m\u00e1xima cercana a 91 \u00b0F.<\/p>\n\n\n\n<p>El \u00edndice de calor podr\u00eda alcanzar 106 \u00b0F. Viento del este entre 7 y 17 mph, con r\u00e1fagas de hasta 23 mph. Probabilidad de lluvia de 50 %. Podr\u00edan acumularse entre \u00be de pulgada y 1 pulgada de lluvia.<\/p>\n\n\n\n<p>Esta noche, aguaceros dispersos, principalmente despu\u00e9s de las 9:00 p. m. Parcialmente nublado, con temperatura m\u00ednima cercana a 80 \u00b0F. Viento del este-sureste entre 6 y 9 mph. Probabilidad de lluvia de 30 %.<\/p>","protected":false},"excerpt":{"rendered":"<p>Aguaceros adicionales cruzar\u00e1n el este de Puerto Rico durante la ma\u00f1ana. Durante la tarde se esperan aguaceros y tronadas m\u00e1s fuertes debido a la humedad que permanece sobre la regi\u00f3n y a los efectos locales, inform\u00f3 el Servicio Nacional de Meteorolog\u00eda. La actividad de aguaceros y tronadas durante la tarde mantendr\u00e1 un riesgo de inundaciones [&hellip;]<\/p>","protected":false},"author":101,"featured_media":1021652,"comment_status":"open","ping_status":"open","sticky":false,"template":"","format":"standard","meta":{"_acf_changed":false,"_monsterinsights_skip_tracking":false,"ep_exclude_from_search":false,"footnotes":""},"categories":[18,3],"tags":[163,284,522,523],"class_list":["post-1021651","post","type-post","status-publish","format-standard","has-post-thumbnail","hentry","category-el-tiempo","category-noticias","tag-lluvias","tag-oleaje","tag-temperatura","tag-vientos"],"acf":[],"aioseo_notices":[],"_links":{"self":[{"href":"https:\/\/noticel.com\/en\/wp-json\/wp\/v2\/posts\/1021651","targetHints":{"allow":["GET"]}}],"collection":[{"href":"https:\/\/noticel.com\/en\/wp-json\/wp\/v2\/posts"}],"about":[{"href":"https:\/\/noticel.com\/en\/wp-json\/wp\/v2\/types\/post"}],"author":[{"embeddable":true,"href":"https:\/\/noticel.com\/en\/wp-json\/wp\/v2\/users\/101"}],"replies":[{"embeddable":true,"href":"https:\/\/noticel.com\/en\/wp-json\/wp\/v2\/comments?post=1021651"}],"version-history":[{"count":1,"href":"https:\/\/noticel.com\/en\/wp-json\/wp\/v2\/posts\/1021651\/revisions"}],"predecessor-version":[{"id":1021653,"href":"https:\/\/noticel.com\/en\/wp-json\/wp\/v2\/posts\/1021651\/revisions\/1021653"}],"wp:featuredmedia":[{"embeddable":true,"href":"https:\/\/noticel.com\/en\/wp-json\/wp\/v2\/media\/1021652"}],"wp:attachment":[{"href":"https:\/\/noticel.com\/en\/wp-json\/wp\/v2\/media?parent=1021651"}],"wp:term":[{"taxonomy":"category","embeddable":true,"href":"https:\/\/noticel.com\/en\/wp-json\/wp\/v2\/categories?post=1021651"},{"taxonomy":"post_tag","embeddable":true,"href":"https:\/\/noticel.com\/en\/wp-json\/wp\/v2\/tags?post=1021651"}],"curies":[{"name":"wp","href":"https:\/\/api.w.org\/{rel}","templated":true}]}}