{"id":1021606,"date":"2026-08-31T17:54:09","date_gmt":"2026-08-31T21:54:09","guid":{"rendered":""},"modified":"2026-08-31T17:54:35","modified_gmt":"2026-08-31T21:54:35","slug":"con-jingle-pa-que-lo-malo-se-vaya-torres-aspira-a-alcaldia-de-catano-tras-muerte-de-alcalde","status":"publish","type":"post","link":"https:\/\/noticel.com\/en\/noticias\/20260831\/con-jingle-pa-que-lo-malo-se-vaya-torres-aspira-a-alcaldia-de-catano-tras-muerte-de-alcalde\/","title":{"rendered":"Con jingle \u201cPa\u2019 que lo malo se vaya\u201d, Torres aspira a alcald\u00eda de Cata\u00f1o tras muerte de alcalde"},"content":{"rendered":"<p>El secretario del Departamento de Asuntos del Consumidor (DACO), Hiram Torres Montalvo, anunci\u00f3 hoy que aspirar\u00e1 a la vacante que hay en la alcald\u00eda de Cata\u00f1o y defendi\u00f3 hacerlo teniendo como tesorero de campa\u00f1a a un empleado del departamento que tambi\u00e9n fue asesor legal del municipio durante los hechos por los que se declar\u00f3 culpable de corrupci\u00f3n el convicto exalcalde, F\u00e9lix \u201cEl Cano\u201d Delgado Montalvo.<\/p>\n\n\n\n<p>El C\u00f3digo Electoral indica que los jefes de agencia tienen que renunciar a sus puestos 30 d\u00edas antes de anunciar una candidatura para una elecci\u00f3n especial, como la que convoca un partido para llenar una vacante de alcalde, pero Torres Montalvo entiende que \u201chay un vac\u00edo\u201d entre esa ley y el C\u00f3digo Municipal, por lo que no va a renunciar a su silla en el DACO.<\/p>\n\n\n\n<p>El anuncio ocurri\u00f3 poco m\u00e1s de dos semanas despu\u00e9s de la muerte del alcalde Julio Alicea Vasallo, debido a un c\u00e1ncer que este anunci\u00f3 el 21 de abril. El Partido Nuevo Progresista (PNP) fij\u00f3 la elecci\u00f3n especial para el 27 de septiembre y el cierre de candidaturas para el 4 de septiembre al mediod\u00eda.<\/p>\n\n\n\n<p>Torres Montalvo enfatiz\u00f3 varias veces en que se trata de una campa\u00f1a corta, incluso como justificaci\u00f3n para no renunciar a DACO, pero al anunciar su candidatura ya ten\u00eda logo, fotos oficiales, guaguas de sonido, comit\u00e9 inscrito, video biogr\u00e1fico, equipo de transmisi\u00f3n en redes sociales, equipo legal y de finanzas, y adelant\u00f3 que tendr\u00eda una sede de campa\u00f1a. Adem\u00e1s, tiene un \u2018jingle\u2019 cuya letra incluye \u201cpase lo que pase, voy a ser feliz\u201d y \u201cpa\u2019que lo malo se vaya\u201d.<\/p>\n\n\n\n<p>Despu\u00e9s de observar un minuto de silencio por la memoria de Alicea Vasallo, afirm\u00f3 que \u201clleg\u00f3 el momento del cambio para Cata\u00f1o\u201d y que las \u201cobras buenas\u201d del difunto se quedar\u00edan, \u201cpero lo que est\u00e1 mal, se tiene que cambiar\u201d.<\/p>\n\n\n\n<p>A la entrada del casco del pueblo, un letrero anuncia la candidatura de la viuda de Alicea Vasallo, Bethzaida Rodr\u00edguez Torres, pero Torres Montalvo resalt\u00f3 tener el apoyo del alcalde de Bayam\u00f3n, Ram\u00f3n Luis Rivera (representado por su esposa), el subsecretario general del partido, Ra\u00fal M\u00e1rquez Hern\u00e1ndez, y el presidente cameral, Carlos M\u00e9ndez N\u00fa\u00f1ez, quien enfatiz\u00f3 que estaba all\u00ed como vicepresidente del partido.<\/p>\n\n\n\n<p>Minutos antes del inicio de la conferencia en el Rebecca Salon, circul\u00f3 una querella \u00e9tica an\u00f3nima contra Torres Montalvo porque el 24 de agosto, en horas laborables, se habr\u00eda reunido en la agencia para \u201corganizar y adelantar\u201d su aspiraci\u00f3n pol\u00edtica con Christopher Domenech Ramos y el licenciado Gabriel Sicard\u00f3 Ocasio. Domenech Ramos es del equipo de comunicaciones de la agencia y tambi\u00e9n asisti\u00f3 a su jefe durante el anuncio de hoy, mientras que Sicard\u00f3 Ocasio es juez administrativo y secretario auxiliar de asuntos legales en la agencia, as\u00ed como tesorero de la campa\u00f1a.<\/p><div class=\"notic-content-middle\" id=\"notic-1568278881\"><div class=\"notic-adlabel\">Advertisements<\/div><a data-no-instant=\"1\" href=\"https:\/\/qrco.de\/bgxd5v\" rel=\"noopener\" class=\"a2t-link\" target=\"_blank\" aria-label=\"DisplayAds-970&#215;250\"><img loading=\"lazy\" decoding=\"async\" src=\"https:\/\/cdn.noticel.com\/2026\/09\/02200716\/DisplayAds-970x250-1.jpg\" alt=\"\"  srcset=\"https:\/\/cdn.noticel.com\/2026\/09\/02200716\/DisplayAds-970x250-1.jpg 970w, https:\/\/cdn.noticel.com\/2026\/09\/02200716\/DisplayAds-970x250-1-300x77.jpg 300w, https:\/\/cdn.noticel.com\/2026\/09\/02200716\/DisplayAds-970x250-1-768x198.jpg 768w, https:\/\/cdn.noticel.com\/2026\/09\/02200716\/DisplayAds-970x250-1-18x5.jpg 18w\" sizes=\"(max-width: 970px) 100vw, 970px\" width=\"970\" height=\"250\"   \/><\/a><\/div>\n\n\n\n<figure class=\"wp-block-image size-large\"><img loading=\"lazy\" decoding=\"async\" width=\"1024\" height=\"576\" src=\"https:\/\/cdn.noticel.com\/2026\/08\/31174359\/gabriel-sicardo-daco-catano-agosto-2026-suministrada-1024x576.jpg\" alt=\"\" class=\"wp-image-1021608\" srcset=\"https:\/\/cdn.noticel.com\/2026\/08\/31174359\/gabriel-sicardo-daco-catano-agosto-2026-suministrada-1024x576.jpg 1024w, https:\/\/cdn.noticel.com\/2026\/08\/31174359\/gabriel-sicardo-daco-catano-agosto-2026-suministrada-300x169.jpg 300w, https:\/\/cdn.noticel.com\/2026\/08\/31174359\/gabriel-sicardo-daco-catano-agosto-2026-suministrada-768x432.jpg 768w, https:\/\/cdn.noticel.com\/2026\/08\/31174359\/gabriel-sicardo-daco-catano-agosto-2026-suministrada-18x10.jpg 18w, https:\/\/cdn.noticel.com\/2026\/08\/31174359\/gabriel-sicardo-daco-catano-agosto-2026-suministrada.jpg 1167w\" sizes=\"auto, (max-width: 1024px) 100vw, 1024px\" \/><figcaption class=\"wp-element-caption\"><em>Gabriel Sicard\u00f3 Ocasio, tesorero de la campa\u00f1a de Torres Montalvo. (Suministrada)<\/em><\/figcaption><\/figure>\n\n\n\n<p>Adem\u00e1s, Sicard\u00f3 Ocasio fue jefe de asuntos legales del municipio cuando Delgado Montalvo otorgaba los contratos a las empresas de Oscar Santamar\u00eda Torres bajo los que se realizaron los actos de soborno y corrupci\u00f3n del convicto exalcalde. Tambi\u00e9n, intent\u00f3 en dos ocasiones ser candidato a alcalde, pero el PNP no permiti\u00f3 su candidatura. Nunca fue acusado por sus ejecutorias en el municipio.<\/p>\n\n\n\n<p>Torres Montalvo asegur\u00f3 que no realiza trabajo pol\u00edtico en horas laborables, que se tom\u00f3 el d\u00eda por vacaciones para hacer su anuncio y que Sicard\u00f3 Ocasio es un \u201cprofesional \u00edntegro\u201d al que conoce hace 10 a\u00f1os. Adujo tambi\u00e9n que \u201cCata\u00f1o es peque\u00f1o\u201d y que muchos empleados municipales actuales tambi\u00e9n lo eran cuando estaba Delgado Montalvo.<\/p>\n\n\n\n<p>M\u00e1s temprano, el secretario general del PNP, Jorge Santini Padilla, hab\u00eda aconsejado a los candidatos en la elecci\u00f3n especial que \u201cdebe escoger, independientemente de que goce de la simpat\u00eda o no del Cano Delgado, prescindir de su participaci\u00f3n en los asuntos electorales o primaristas\u201d. Cuando se le pregunt\u00f3 a Torres Montalvo por esto, dijo que \u201cdesconozco cu\u00e1l sea la preferencia de ese se\u00f1or\u201d y que el \u201cmal uso de fondos p\u00fablicos y corrupci\u00f3n son cosa del pasado\u201d.<\/p>\n\n\n\n<p>El aspirante enfrent\u00f3 preguntas tambi\u00e9n por no ser oriundo de Cata\u00f1o. Asisti\u00f3 a la escuela superior en Guaynabo, fue asamble\u00edsta municipal en San Juan de 2009 a 2017 y, sobre cu\u00e1ndo se mud\u00f3 a Cata\u00f1o, coment\u00f3 que \u201cno recuerdo el a\u00f1o exacto, cerca del \u201816 por ah\u00ed\u201d. El C\u00f3digo Municipal requiere un a\u00f1o de residencia en el municipio para las candidaturas a alcalde y el aspirante reiter\u00f3 que est\u00e1 visitando Cata\u00f1o desde 1998 porque su esposa, Bianca Ivellisse Looss, es de all\u00ed.<\/p>\n\n\n\n<p>\u201cVeo el potencial enorme que tiene Cata\u00f1o\u201d, expres\u00f3 sobre sus razones para aspirar a la alcald\u00eda, quien tambi\u00e9n fuera parte de la compa\u00f1\u00eda de lucha libre World Wrestling Council (WWC).<\/p>\n\n\n\n<p>Vea:<\/p>\n\n\n\n<p><a href=\"https:\/\/noticel.com\/en\/ultima-hora\/20211203\/acusaciones-dejan-en-entredicho-a-funcionarios-de-catano-incluyendo-alcalde-interino\/\" target=\"_blank\" rel=\"noopener\" title=\"\">Acusaciones dejan en entredicho a funcionarios de Cata\u00f1o, incluyendo Alcalde interino<\/a><\/p>","protected":false},"excerpt":{"rendered":"<p>El secretario del Departamento de Asuntos del Consumidor (DACO), Hiram Torres Montalvo, anunci\u00f3 hoy que aspirar\u00e1 a la vacante que hay en la alcald\u00eda de Cata\u00f1o y defendi\u00f3 hacerlo teniendo como tesorero de campa\u00f1a a un empleado del departamento que tambi\u00e9n fue asesor legal del municipio durante los hechos por los que se declar\u00f3 culpable [&hellip;]<\/p>","protected":false},"author":98,"featured_media":1021607,"comment_status":"open","ping_status":"open","sticky":false,"template":"","format":"standard","meta":{"_acf_changed":false,"_monsterinsights_skip_tracking":false,"ep_exclude_from_search":false,"footnotes":""},"categories":[3],"tags":[],"class_list":["post-1021606","post","type-post","status-publish","format-standard","has-post-thumbnail","hentry","category-noticias"],"acf":[],"aioseo_notices":[],"_links":{"self":[{"href":"https:\/\/noticel.com\/en\/wp-json\/wp\/v2\/posts\/1021606","targetHints":{"allow":["GET"]}}],"collection":[{"href":"https:\/\/noticel.com\/en\/wp-json\/wp\/v2\/posts"}],"about":[{"href":"https:\/\/noticel.com\/en\/wp-json\/wp\/v2\/types\/post"}],"author":[{"embeddable":true,"href":"https:\/\/noticel.com\/en\/wp-json\/wp\/v2\/users\/98"}],"replies":[{"embeddable":true,"href":"https:\/\/noticel.com\/en\/wp-json\/wp\/v2\/comments?post=1021606"}],"version-history":[{"count":4,"href":"https:\/\/noticel.com\/en\/wp-json\/wp\/v2\/posts\/1021606\/revisions"}],"predecessor-version":[{"id":1021613,"href":"https:\/\/noticel.com\/en\/wp-json\/wp\/v2\/posts\/1021606\/revisions\/1021613"}],"wp:featuredmedia":[{"embeddable":true,"href":"https:\/\/noticel.com\/en\/wp-json\/wp\/v2\/media\/1021607"}],"wp:attachment":[{"href":"https:\/\/noticel.com\/en\/wp-json\/wp\/v2\/media?parent=1021606"}],"wp:term":[{"taxonomy":"category","embeddable":true,"href":"https:\/\/noticel.com\/en\/wp-json\/wp\/v2\/categories?post=1021606"},{"taxonomy":"post_tag","embeddable":true,"href":"https:\/\/noticel.com\/en\/wp-json\/wp\/v2\/tags?post=1021606"}],"curies":[{"name":"wp","href":"https:\/\/api.w.org\/{rel}","templated":true}]}}