{"id":1021599,"date":"2026-08-31T17:33:20","date_gmt":"2026-08-31T21:33:20","guid":{"rendered":""},"modified":"2026-08-31T17:33:25","modified_gmt":"2026-08-31T21:33:25","slug":"senado-aprueba-medidas-para-beneficio-de-animales-y-de-los-contribuyentes","status":"publish","type":"post","link":"https:\/\/noticel.com\/en\/noticias\/legislatura\/20260831\/senado-aprueba-medidas-para-beneficio-de-animales-y-de-los-contribuyentes\/","title":{"rendered":"Senado aprueba medidas para beneficio de animales y de los contribuyentes"},"content":{"rendered":"<p>El Senado aprob\u00f3 durante la sesi\u00f3n del lunes una iniciativa de la senadora Ada \u00c1lvarez Conde que crea la \u201cLey del Sorteo Especial Anual de la Loter\u00eda para el Auxilio y Bienestar Animal\u201d.<\/p>\n\n\n\n<p>La medida ordena a la Loter\u00eda de Puerto Rico celebrar cada 4 de octubre, fecha que coincide con el D\u00eda Mundial de los Animales, un sorteo especial cuyos ingresos netos se transferir\u00e1n a la Comisi\u00f3n Especial Conjunta de Fondos Legislativos para Impacto Comunitario, creada mediante la Ley 20-2015, para ser distribuidos entre organizaciones sin fines de lucro dedicadas al rescate, la esterilizaci\u00f3n, los servicios veterinarios de bajo costo y la educaci\u00f3n en bienestar animal.<\/p>\n\n\n\n<p>\u201cEs una manera de que podamos ayudar a las organizaciones sin fines de lucro, a los rescatistas, a las personas que todos los d\u00edas est\u00e1n afuera trabajando con esta problem\u00e1tica. Establecer que no conlleva un gasto, vamos entonces a generar fondos para los que s\u00ed trabajan en el problema, a la vez que aprovechamos la gente solidaria con este tema, donde cada uno con su aportaci\u00f3n puede participar y apoyar\u201d, sostuvo \u00c1lvarez Conde.<\/p>\n\n\n\n<p>Por otro lado, tambi\u00e9n recibi\u00f3 aprobaci\u00f3n el Proyecto del Senado 1275, del senador Jos\u00e9 Luis Dalmau Santiago, que a\u00f1ade una nueva secci\u00f3n al C\u00f3digo de Rentas Internas de Puerto Rico de 2011 para establecer, por primera vez en ley, un t\u00e9rmino m\u00ednimo para que los contribuyentes sometan evidencia electr\u00f3nica a trav\u00e9s del Sistema Unificado de Rentas Internas (SURI).<\/p>\n\n\n\n<p>La medida fija un m\u00ednimo de siete d\u00edas laborables cuando la planilla se radic\u00f3 a tiempo o mediante pr\u00f3rroga, y de cuatro d\u00edas laborables cuando se radic\u00f3 fuera de t\u00e9rmino, de manera que ese plazo deje de depender exclusivamente de cartas circulares administrativas del Departamento de Hacienda.<\/p>\n\n\n\n<p><strong>Conmemoran la vida de Tite Curet<\/strong><\/p>\n\n\n\n<p>El Senado le dio paso a dos resoluciones de la delegaci\u00f3n del Partido Independentista Puertorrique\u00f1o (PIP), de los senadores Mar\u00eda de Lourdes Santiago Negr\u00f3n y Adri\u00e1n Gonz\u00e1lez Costa.<\/p>\n\n\n\n<p>La Resoluci\u00f3n del Senado 8 crea una Comisi\u00f3n Especial del Senado para la Conmemoraci\u00f3n del Centenario de Catalino \u201cTite\u201d Curet Alonso, compositor puertorrique\u00f1o nacido en Guayama en 1926, con el prop\u00f3sito de coordinar actividades culturales, art\u00edsticas y educativas que honren su legado musical.<\/p>","protected":false},"excerpt":{"rendered":"<p>El Senado aprob\u00f3 durante la sesi\u00f3n del lunes una iniciativa de la senadora Ada \u00c1lvarez Conde que crea la \u201cLey del Sorteo Especial Anual de la Loter\u00eda para el Auxilio y Bienestar Animal\u201d. La medida ordena a la Loter\u00eda de Puerto Rico celebrar cada 4 de octubre, fecha que coincide con el D\u00eda Mundial de [&hellip;]<\/p>","protected":false},"author":100,"featured_media":1021600,"comment_status":"open","ping_status":"open","sticky":false,"template":"","format":"standard","meta":{"_acf_changed":false,"_monsterinsights_skip_tracking":false,"ep_exclude_from_search":false,"footnotes":""},"categories":[5],"tags":[1089,263],"class_list":["post-1021599","post","type-post","status-publish","format-standard","has-post-thumbnail","hentry","category-legislatura","tag-mascotas","tag-senado"],"acf":[],"aioseo_notices":[],"_links":{"self":[{"href":"https:\/\/noticel.com\/en\/wp-json\/wp\/v2\/posts\/1021599","targetHints":{"allow":["GET"]}}],"collection":[{"href":"https:\/\/noticel.com\/en\/wp-json\/wp\/v2\/posts"}],"about":[{"href":"https:\/\/noticel.com\/en\/wp-json\/wp\/v2\/types\/post"}],"author":[{"embeddable":true,"href":"https:\/\/noticel.com\/en\/wp-json\/wp\/v2\/users\/100"}],"replies":[{"embeddable":true,"href":"https:\/\/noticel.com\/en\/wp-json\/wp\/v2\/comments?post=1021599"}],"version-history":[{"count":3,"href":"https:\/\/noticel.com\/en\/wp-json\/wp\/v2\/posts\/1021599\/revisions"}],"predecessor-version":[{"id":1021605,"href":"https:\/\/noticel.com\/en\/wp-json\/wp\/v2\/posts\/1021599\/revisions\/1021605"}],"wp:featuredmedia":[{"embeddable":true,"href":"https:\/\/noticel.com\/en\/wp-json\/wp\/v2\/media\/1021600"}],"wp:attachment":[{"href":"https:\/\/noticel.com\/en\/wp-json\/wp\/v2\/media?parent=1021599"}],"wp:term":[{"taxonomy":"category","embeddable":true,"href":"https:\/\/noticel.com\/en\/wp-json\/wp\/v2\/categories?post=1021599"},{"taxonomy":"post_tag","embeddable":true,"href":"https:\/\/noticel.com\/en\/wp-json\/wp\/v2\/tags?post=1021599"}],"curies":[{"name":"wp","href":"https:\/\/api.w.org\/{rel}","templated":true}]}}