{"id":1021586,"date":"2026-08-31T16:20:52","date_gmt":"2026-08-31T20:20:52","guid":{"rendered":""},"modified":"2026-08-31T16:31:08","modified_gmt":"2026-08-31T20:31:08","slug":"jeremy-de-leon-pasa-al-club-catalan-union-deportiva-san-andreu","status":"publish","type":"post","link":"https:\/\/noticel.com\/en\/deportes\/20260831\/jeremy-de-leon-pasa-al-club-catalan-union-deportiva-san-andreu\/","title":{"rendered":"Jeremy de Le\u00f3n pasa al club catal\u00e1n Uni\u00f3n Deportiva San Andreu"},"content":{"rendered":"<p>EL futbolista puertorrique\u00f1o Jeremy de Le\u00f3n ha sido traspasado al club Uni\u00f3n Deportiva Sant Andreu, que juega en la Primer Federaci\u00f3n del F\u00fatbol de Espa\u00f1a. <\/p>\n\n\n\n<p>O sea, la tercera divisi\u00f3n del f\u00fatbol de ese pa\u00eds.<\/p>\n\n\n\n<p>De Le\u00f3n firm\u00f3 un acuerdo por dos temporadas. Previamente hab\u00eda sido cedido, en pr\u00e9stamo, al club H\u00e9rcules.<\/p>\n\n\n\n<p>En su p\u00e1gina de Instagram, el joven de 22 a\u00f1os se despidi\u00f3 del Real Madrid. <\/p><div class=\"notic-content-middle\" id=\"notic-3599857828\"><div class=\"notic-adlabel\">Advertisements<\/div><a data-no-instant=\"1\" href=\"https:\/\/www.asegurate-bien.com\/\" rel=\"noopener\" class=\"a2t-link\" target=\"_blank\" aria-label=\"Acodese-Adaptaciones-Noticel-300&#215;250\"><img loading=\"lazy\" decoding=\"async\" src=\"https:\/\/cdn.noticel.com\/2026\/05\/30094423\/Acodese-Adaptaciones-Noticel-300x250-1.jpg\" alt=\"\"  srcset=\"https:\/\/cdn.noticel.com\/2026\/05\/30094423\/Acodese-Adaptaciones-Noticel-300x250-1.jpg 300w, https:\/\/cdn.noticel.com\/2026\/05\/30094423\/Acodese-Adaptaciones-Noticel-300x250-1-14x12.jpg 14w\" sizes=\"(max-width: 300px) 100vw, 300px\" width=\"300\" height=\"250\"   \/><\/a><\/div>\n\n\n\n<p>\u00abHay despedidas que uno nunca est\u00e1 preparado para escribir\u00bb, escribi\u00f3 al describir al equipo como el \u00abclub de mi coraz\u00f3n\u00bb.<\/p>\n\n\n\n<p>\u00abMentir\u00eda si dijera que no duele. Duele cerrar una etapa en el club que siempre so\u00f1\u00e9 representar, duele dejar un lugar que signific\u00f3 tanto para m\u00ed. Aun as\u00ed, nadie podr\u00e1 quitarme el orgullo de haber defendido este escudo y de haber formado parte del mejor equipo del mundo. Eso me acompa\u00f1ar\u00e1 toda la vida\u00bb, sostuvo.<\/p>\n\n\n\n<p>\u00abY si hay algo que me hace sentir especialmente orgulloso de todo este camino, es poder mirar atr\u00e1s y pensar que aquel ni\u00f1o de Puerto Rico que so\u00f1aba con llegar hasta aqu\u00ed lo logr\u00f3. Espero que mi historia sirva para que muchos ni\u00f1os de mi isla vean que s\u00ed se puede. Que no importa de d\u00f3nde vengas, lo lejos que parezca el sue\u00f1o o cu\u00e1ntas veces te digan que es imposible\u00bb, agreg\u00f3.<\/p>\n\n\n\n<p><\/p>","protected":false},"excerpt":{"rendered":"<p>EL futbolista puertorrique\u00f1o Jeremy de Le\u00f3n ha sido traspasado al club Uni\u00f3n Deportiva Sant Andreu, que juega en la Primer Federaci\u00f3n del F\u00fatbol de Espa\u00f1a. O sea, la tercera divisi\u00f3n del f\u00fatbol de ese pa\u00eds. De Le\u00f3n firm\u00f3 un acuerdo por dos temporadas. Previamente hab\u00eda sido cedido, en pr\u00e9stamo, al club H\u00e9rcules. En su p\u00e1gina [&hellip;]<\/p>","protected":false},"author":100,"featured_media":949583,"comment_status":"open","ping_status":"open","sticky":false,"template":"","format":"standard","meta":{"_acf_changed":false,"_monsterinsights_skip_tracking":false,"ep_exclude_from_search":false,"footnotes":""},"categories":[31,39],"tags":[1094],"class_list":["post-1021586","post","type-post","status-publish","format-standard","has-post-thumbnail","hentry","category-deportes","category-futbol","tag-jeremy-de-leon"],"acf":[],"aioseo_notices":[],"_links":{"self":[{"href":"https:\/\/noticel.com\/en\/wp-json\/wp\/v2\/posts\/1021586","targetHints":{"allow":["GET"]}}],"collection":[{"href":"https:\/\/noticel.com\/en\/wp-json\/wp\/v2\/posts"}],"about":[{"href":"https:\/\/noticel.com\/en\/wp-json\/wp\/v2\/types\/post"}],"author":[{"embeddable":true,"href":"https:\/\/noticel.com\/en\/wp-json\/wp\/v2\/users\/100"}],"replies":[{"embeddable":true,"href":"https:\/\/noticel.com\/en\/wp-json\/wp\/v2\/comments?post=1021586"}],"version-history":[{"count":1,"href":"https:\/\/noticel.com\/en\/wp-json\/wp\/v2\/posts\/1021586\/revisions"}],"predecessor-version":[{"id":1021589,"href":"https:\/\/noticel.com\/en\/wp-json\/wp\/v2\/posts\/1021586\/revisions\/1021589"}],"wp:featuredmedia":[{"embeddable":true,"href":"https:\/\/noticel.com\/en\/wp-json\/wp\/v2\/media\/949583"}],"wp:attachment":[{"href":"https:\/\/noticel.com\/en\/wp-json\/wp\/v2\/media?parent=1021586"}],"wp:term":[{"taxonomy":"category","embeddable":true,"href":"https:\/\/noticel.com\/en\/wp-json\/wp\/v2\/categories?post=1021586"},{"taxonomy":"post_tag","embeddable":true,"href":"https:\/\/noticel.com\/en\/wp-json\/wp\/v2\/tags?post=1021586"}],"curies":[{"name":"wp","href":"https:\/\/api.w.org\/{rel}","templated":true}]}}