{"id":1021584,"date":"2026-08-31T16:08:28","date_gmt":"2026-08-31T20:08:28","guid":{"rendered":""},"modified":"2026-08-31T16:15:40","modified_gmt":"2026-08-31T20:15:40","slug":"la-upr-coloca-provisionalmente-a-mas-de-750-empleados-en-cubierta-medica-de-mcs","status":"publish","type":"post","link":"https:\/\/noticel.com\/en\/ultima-hora\/20260831\/la-upr-coloca-provisionalmente-a-mas-de-750-empleados-en-cubierta-medica-de-mcs\/","title":{"rendered":"La UPR coloca provisionalmente a m\u00e1s de 750 empleados en cubierta m\u00e9dica de MCS"},"content":{"rendered":"<p>La presidenta de la Universidad de Puerto Rico (UPR), Zayira Jord\u00e1n Conde, inform\u00f3 el lunes que la instituci\u00f3n complet\u00f3 los tr\u00e1mites para incluir provisionalmente a m\u00e1s de 750 empleados del Sindicato de Trabajadores de la Universidad de Puerto Rico en la cubierta m\u00e9dica de MCS, efectiva desde el martes hasta el 31 de enero de 2027.<\/p>\n\n\n\n<p>\u201cPrevio a esta reuni\u00f3n, completamos los tr\u00e1mites necesarios para incluir provisionalmente a los empleados elegibles del STUPR en la cubierta del plan m\u00e9dico con MCS Life Insurance Company, efectiva del 1 de septiembre de 2026 al 31 de enero de 2027\u201d, dijo Jord\u00e1n Conde en declaraciones escritas.<\/p>\n\n\n\n<p>La determinaci\u00f3n busca garantizar la continuidad de la cubierta m\u00e9dica ante el vencimiento del plan vigente con MAPFRE.<\/p>\n\n\n\n<p>Entretanto, representantes de la UPR participaron el lunes en una nueva reuni\u00f3n con miembros del sindicato en el Departamento del Trabajo y Recursos Humanos, pero no se alcanz\u00f3 un acuerdo.<\/p>\n\n\n\n<p>\u201cDesde que asumimos la Presidencia hemos atendido este asunto con responsabilidad, transparencia y sentido de urgencia. Hemos concentrado nuestros esfuerzos en proteger a nuestros empleados y sus familias, garantizar la continuidad de su cubierta m\u00e9dica y, al mismo tiempo, cumplir rigurosamente con las normas que rigen la contrataci\u00f3n y el uso responsable de fondos p\u00fablicos\u201d, sostuvo la presidenta.<\/p>\n\n\n\n<p>Adem\u00e1s, Jord\u00e1n Conde inform\u00f3 que la administraci\u00f3n universitaria realiz\u00f3 una investigaci\u00f3n interna y revis\u00f3 la documentaci\u00f3n relacionada con el proceso de cubierta m\u00e9dica para evaluar las circunstancias identificadas y fortalecer los mecanismos de supervisi\u00f3n.<\/p>\n\n\n\n<p>\u201cNuestra disposici\u00f3n al di\u00e1logo contin\u00faa. Al mismo tiempo, tenemos la responsabilidad de tomar las decisiones necesarias para proteger a nuestros empleados y sus familias, as\u00ed como velar por la correcta administraci\u00f3n de los recursos p\u00fablicos de la Universidad\u201d, a\u00f1adi\u00f3.<\/p>","protected":false},"excerpt":{"rendered":"<p>La presidenta de la Universidad de Puerto Rico (UPR), Zayira Jord\u00e1n Conde, inform\u00f3 el lunes que la instituci\u00f3n complet\u00f3 los tr\u00e1mites para incluir provisionalmente a m\u00e1s de 750 empleados del Sindicato de Trabajadores de la Universidad de Puerto Rico en la cubierta m\u00e9dica de MCS, efectiva desde el martes hasta el 31 de enero de [&hellip;]<\/p>","protected":false},"author":101,"featured_media":1018921,"comment_status":"open","ping_status":"open","sticky":false,"template":"","format":"standard","meta":{"_acf_changed":false,"_monsterinsights_skip_tracking":false,"ep_exclude_from_search":false,"footnotes":""},"categories":[12,3,2],"tags":[3316,201],"class_list":["post-1021584","post","type-post","status-publish","format-standard","has-post-thumbnail","hentry","category-la-calle","category-noticias","category-ultima-hora","tag-plan-medico","tag-upr"],"acf":[],"aioseo_notices":[],"_links":{"self":[{"href":"https:\/\/noticel.com\/en\/wp-json\/wp\/v2\/posts\/1021584","targetHints":{"allow":["GET"]}}],"collection":[{"href":"https:\/\/noticel.com\/en\/wp-json\/wp\/v2\/posts"}],"about":[{"href":"https:\/\/noticel.com\/en\/wp-json\/wp\/v2\/types\/post"}],"author":[{"embeddable":true,"href":"https:\/\/noticel.com\/en\/wp-json\/wp\/v2\/users\/101"}],"replies":[{"embeddable":true,"href":"https:\/\/noticel.com\/en\/wp-json\/wp\/v2\/comments?post=1021584"}],"version-history":[{"count":1,"href":"https:\/\/noticel.com\/en\/wp-json\/wp\/v2\/posts\/1021584\/revisions"}],"predecessor-version":[{"id":1021585,"href":"https:\/\/noticel.com\/en\/wp-json\/wp\/v2\/posts\/1021584\/revisions\/1021585"}],"wp:featuredmedia":[{"embeddable":true,"href":"https:\/\/noticel.com\/en\/wp-json\/wp\/v2\/media\/1018921"}],"wp:attachment":[{"href":"https:\/\/noticel.com\/en\/wp-json\/wp\/v2\/media?parent=1021584"}],"wp:term":[{"taxonomy":"category","embeddable":true,"href":"https:\/\/noticel.com\/en\/wp-json\/wp\/v2\/categories?post=1021584"},{"taxonomy":"post_tag","embeddable":true,"href":"https:\/\/noticel.com\/en\/wp-json\/wp\/v2\/tags?post=1021584"}],"curies":[{"name":"wp","href":"https:\/\/api.w.org\/{rel}","templated":true}]}}