{"id":1021579,"date":"2026-08-31T15:30:53","date_gmt":"2026-08-31T19:30:53","guid":{"rendered":""},"modified":"2026-08-31T15:35:11","modified_gmt":"2026-08-31T19:35:11","slug":"comenzara-el-15-de-septiembre-el-juicio-por-asesinato-contra-anthonieska-aviles","status":"publish","type":"post","link":"https:\/\/noticel.com\/en\/ultima-hora\/20260831\/comenzara-el-15-de-septiembre-el-juicio-por-asesinato-contra-anthonieska-aviles\/","title":{"rendered":"Comenzar\u00e1 el 15 de septiembre el juicio por asesinato contra Anthonieska Avil\u00e9s"},"content":{"rendered":"<p>El juicio por jurado contra Anthonieska Avil\u00e9s Cabrera fue reprogramado para comenzar el 15 de septiembre, a las 9:00 a. m., en el Tribunal de Aibonito, report\u00f3 Teleonce.<\/p>\n\n\n\n<p>Un d\u00eda antes, el 14 de septiembre, se llevar\u00e1 a cabo el se\u00f1alamiento para marcar la prueba que ser\u00e1 utilizada durante el proceso judicial, tambi\u00e9n a las 9:00 a. m.<\/p>\n\n\n\n<p>El canal public\u00f3 que el juicio estaba pautado anteriormente para el 10 de septiembre, fecha en la que ahora est\u00e1 previsto que se dicte sentencia contra su madre, Elvia Cabrera.<\/p>\n\n\n\n<p>Avil\u00e9s Cabrera enfrenta cargos de asesinato en primer grado y violaciones a la Ley de Armas por el asesinato de Gabriela Nicole Pratts Rosario.<\/p>\n\n\n\n<p>Hoy trascendi\u00f3, y as\u00ed lo public\u00f3 Telenoticias, que la defensa de Avil\u00e9s radic\u00f3 una moci\u00f3n para suprimir evidencia. Se trata de las fotos de la acusada con heridas en sus manos. <\/p>\n\n\n\n<p>El juez Juan Reyes indic\u00f3 que la petici\u00f3n era tard\u00eda, per le dio cinco d\u00edas a la fiscal\u00eda para contestar.<\/p>\n\n\n\n<p><\/p>","protected":false},"excerpt":{"rendered":"<p>El juicio por jurado contra Anthonieska Avil\u00e9s Cabrera fue reprogramado para comenzar el 15 de septiembre, a las 9:00 a. m., en el Tribunal de Aibonito, report\u00f3 Teleonce. Un d\u00eda antes, el 14 de septiembre, se llevar\u00e1 a cabo el se\u00f1alamiento para marcar la prueba que ser\u00e1 utilizada durante el proceso judicial, tambi\u00e9n a las [&hellip;]<\/p>","protected":false},"author":100,"featured_media":955440,"comment_status":"open","ping_status":"open","sticky":false,"template":"","format":"standard","meta":{"_acf_changed":false,"_monsterinsights_skip_tracking":false,"ep_exclude_from_search":false,"footnotes":""},"categories":[3,13,2],"tags":[3162,1198],"class_list":["post-1021579","post","type-post","status-publish","format-standard","has-post-thumbnail","hentry","category-noticias","category-tribunales","category-ultima-hora","tag-anthonieska-aviles","tag-juicio"],"acf":[],"aioseo_notices":[],"_links":{"self":[{"href":"https:\/\/noticel.com\/en\/wp-json\/wp\/v2\/posts\/1021579","targetHints":{"allow":["GET"]}}],"collection":[{"href":"https:\/\/noticel.com\/en\/wp-json\/wp\/v2\/posts"}],"about":[{"href":"https:\/\/noticel.com\/en\/wp-json\/wp\/v2\/types\/post"}],"author":[{"embeddable":true,"href":"https:\/\/noticel.com\/en\/wp-json\/wp\/v2\/users\/100"}],"replies":[{"embeddable":true,"href":"https:\/\/noticel.com\/en\/wp-json\/wp\/v2\/comments?post=1021579"}],"version-history":[{"count":2,"href":"https:\/\/noticel.com\/en\/wp-json\/wp\/v2\/posts\/1021579\/revisions"}],"predecessor-version":[{"id":1021582,"href":"https:\/\/noticel.com\/en\/wp-json\/wp\/v2\/posts\/1021579\/revisions\/1021582"}],"wp:featuredmedia":[{"embeddable":true,"href":"https:\/\/noticel.com\/en\/wp-json\/wp\/v2\/media\/955440"}],"wp:attachment":[{"href":"https:\/\/noticel.com\/en\/wp-json\/wp\/v2\/media?parent=1021579"}],"wp:term":[{"taxonomy":"category","embeddable":true,"href":"https:\/\/noticel.com\/en\/wp-json\/wp\/v2\/categories?post=1021579"},{"taxonomy":"post_tag","embeddable":true,"href":"https:\/\/noticel.com\/en\/wp-json\/wp\/v2\/tags?post=1021579"}],"curies":[{"name":"wp","href":"https:\/\/api.w.org\/{rel}","templated":true}]}}