{"id":1021568,"date":"2026-09-01T06:19:03","date_gmt":"2026-09-01T10:19:03","guid":{"rendered":""},"modified":"2026-09-01T07:16:09","modified_gmt":"2026-09-01T11:16:09","slug":"puerto-rico-acoge-la-convencion-anual-de-la-florida-caribbean-cruise-association","status":"publish","type":"post","link":"https:\/\/noticel.com\/en\/noticias\/20260901\/puerto-rico-acoge-la-convencion-anual-de-la-florida-caribbean-cruise-association\/","title":{"rendered":"Puerto Rico acoge la convenci\u00f3n anual de la Florida-Caribbean Cruise Association"},"content":{"rendered":"<p>Puerto Rico repetir\u00e1 como sede de la Cruise Conference &amp; Trade Show organizado por la Florida-Caribbean Cruise Association en agenda del 12 al 16 de octubre.<\/p>\n\n\n\n<p>La&nbsp;directora ejecutiva de la Compa\u00f1\u00eda de Turismo, Willianette Robles Cancel, y la gobernadora Jenniffer Gonz\u00e1lez Col\u00f3n resaltaron los beneficios de acoger el evento que contar\u00e1 con las participaciones de las principales l\u00edneas de cruceros.<\/p>\n\n\n\n<p>\u201cEstamos hablando de Carnival, Royal Caribbean, Norwegian, Disney, MSC, Princess, Celebrity, Virgin, Holland, Ocean\u00eda, Silversea que estar\u00e1n en la convenci\u00f3n. Son las marcas m\u00e1s grandes del mundo en Puerto Rico en octubre de este a\u00f1o. Esto significa que esta asociaci\u00f3n es la que m\u00e1s importancia tiene en el Caribe\u201d, sostuvo Gonz\u00e1lez Col\u00f3n durante una conferencia de prensa en el Centro de Convenciones.<\/p>\n\n\n\n<p>\u201cLas l\u00edneas de cruceros podr\u00e1n ver los destinos, los restaurantes, las atracciones y los hoteles. Cuando esa l\u00ednea a llega a Puerto Rico, sabr\u00e1 a d\u00f3nde ir, cu\u00e1nto tiempo quedarse y el gobierno podr\u00e1 sentarse cara a cara para negociar\u201d, agreg\u00f3.<\/p>\n\n\n\n<p>La Florida-Caribbean Cruise Association tambi\u00e9n organiz\u00f3 convenciones en Puerto Rico para adiciones en el 2011, 2016, 2018, 2019, 2022, 2025 y 2026.<\/p>\n\n\n\n<p>\u201cEl a\u00f1o pasado, la Compa\u00f1\u00eda de Turismo hizo una inversi\u00f3n de $975,000 para la convenci\u00f3n. El estimado de retorno fue de casi $5 millones. En esta ocasi\u00f3n, tendremos una inversi\u00f3n directa porque ya hay una confianza que se gan\u00f3 por el trabajo que se hizo el a\u00f1o pasado\u201d, resalt\u00f3 Gonz\u00e1lez Col\u00f3n.<\/p>\n\n\n\n<p>Seg\u00fan la primera ejecutiva, en el pasado a\u00f1o fiscal la cifra de pasajeros super\u00f3 1,934,000 en los muelles de San Juan y Ponce.<\/p>\n\n\n\n<p>\u201cEstamos en nuestro mejor momento. Es el mejor a\u00f1o de cruceros en la historia de Puerto Rico y qu\u00e9 mejor manera de celebrar eso que con la convenci\u00f3n de la industria de cruceros\u201d, indic\u00f3.<\/p>\n\n\n\n<p>La nueva temporada de cruceros por el Caribe comenzar\u00e1 en octubre y Gonz\u00e1lez Col\u00f3n adelant\u00f3 la proyecci\u00f3n es de 541 llegadas de barcos hasta abril de 2027.<\/p>","protected":false},"excerpt":{"rendered":"<p>Puerto Rico repetir\u00e1 como sede de la Cruise Conference &amp; Trade Show organizado por la Florida-Caribbean Cruise Association en agenda del 12 al 16 de octubre. La&nbsp;directora ejecutiva de la Compa\u00f1\u00eda de Turismo, Willianette Robles Cancel, y la gobernadora Jenniffer Gonz\u00e1lez Col\u00f3n resaltaron los beneficios de acoger el evento que contar\u00e1 con las participaciones de [&hellip;]<\/p>","protected":false},"author":93,"featured_media":1021573,"comment_status":"open","ping_status":"open","sticky":false,"template":"","format":"standard","meta":{"_acf_changed":false,"_monsterinsights_skip_tracking":false,"ep_exclude_from_search":false,"footnotes":""},"categories":[4,3,29],"tags":[2877,884,461,135],"class_list":["post-1021568","post","type-post","status-publish","format-standard","has-post-thumbnail","hentry","category-gobierno","category-noticias","category-turismo","tag-cruceros","tag-muelles","tag-ponce","tag-san-juan"],"acf":[],"aioseo_notices":[],"_links":{"self":[{"href":"https:\/\/noticel.com\/en\/wp-json\/wp\/v2\/posts\/1021568","targetHints":{"allow":["GET"]}}],"collection":[{"href":"https:\/\/noticel.com\/en\/wp-json\/wp\/v2\/posts"}],"about":[{"href":"https:\/\/noticel.com\/en\/wp-json\/wp\/v2\/types\/post"}],"author":[{"embeddable":true,"href":"https:\/\/noticel.com\/en\/wp-json\/wp\/v2\/users\/93"}],"replies":[{"embeddable":true,"href":"https:\/\/noticel.com\/en\/wp-json\/wp\/v2\/comments?post=1021568"}],"version-history":[{"count":5,"href":"https:\/\/noticel.com\/en\/wp-json\/wp\/v2\/posts\/1021568\/revisions"}],"predecessor-version":[{"id":1021641,"href":"https:\/\/noticel.com\/en\/wp-json\/wp\/v2\/posts\/1021568\/revisions\/1021641"}],"wp:featuredmedia":[{"embeddable":true,"href":"https:\/\/noticel.com\/en\/wp-json\/wp\/v2\/media\/1021573"}],"wp:attachment":[{"href":"https:\/\/noticel.com\/en\/wp-json\/wp\/v2\/media?parent=1021568"}],"wp:term":[{"taxonomy":"category","embeddable":true,"href":"https:\/\/noticel.com\/en\/wp-json\/wp\/v2\/categories?post=1021568"},{"taxonomy":"post_tag","embeddable":true,"href":"https:\/\/noticel.com\/en\/wp-json\/wp\/v2\/tags?post=1021568"}],"curies":[{"name":"wp","href":"https:\/\/api.w.org\/{rel}","templated":true}]}}