{"id":1021551,"date":"2026-08-31T14:08:36","date_gmt":"2026-08-31T18:08:36","guid":{"rendered":"https:\/\/noticel.com\/?p=1021551"},"modified":"2026-08-31T14:08:44","modified_gmt":"2026-08-31T18:08:44","slug":"gonzalez-colon-insiste-que-la-sequia-mantiene-el-intermitente-servicio-de-agua","status":"publish","type":"post","link":"https:\/\/noticel.com\/en\/noticias\/20260831\/gonzalez-colon-insiste-que-la-sequia-mantiene-el-intermitente-servicio-de-agua\/","title":{"rendered":"Gonz\u00e1lez Col\u00f3n insiste que la sequ\u00eda mantiene el intermitente servicio de agua"},"content":{"rendered":"<p>La gobernadora Jenniffer Gonz\u00e1lez Col\u00f3n insisti\u00f3 que la sequ\u00eda es la raz\u00f3n para mantener entre el 10 y 13 por ciento de la poblaci\u00f3n con un intermitente servicio de agua potable.<\/p>\n\n\n\n<p>Asimismo, destac\u00f3 que regiones en Estados Unidos y, adem\u00e1s, en territorios del Caribe tambi\u00e9n enfrentan el mismo dilema. Sin embargo, no vislumbra que sea raz\u00f3n para desalentar las inversiones extranjeras. &nbsp;<\/p>\n\n\n\n<p>\u201cMaryland y Virginia han declarado estados de emergencias por sequ\u00eda. Esto no es distinto a lo que ocurre en los Apalaches, Texas, California y otros estados de la naci\u00f3n. Eso no impide que los estados sigan haciendo gestiones para atraer turistas, tampoco impide a los estados para seguir moviendo el aparato econ\u00f3mico ni lo que ocurre en otros pa\u00edses\u201d, sostuvo Gonz\u00e1lez Col\u00f3n durante una conferencia de prensa con los detalles sobre la pr\u00f3xima convenci\u00f3n del Florida-Caribbean Cruise Association en agenda para octubre.<\/p>\n\n\n\n<p>A pesar de que Puerto Rico experiment\u00f3 episodios de lluvias durante el pasado fin de semana, no fueron suficientes para aliviar la crisis. \u00a0<\/p><div class=\"notic-content-middle\" id=\"notic-1899342037\"><div class=\"notic-adlabel\">Advertisements<\/div><a data-no-instant=\"1\" href=\"https:\/\/www.asegurate-bien.com\/\" rel=\"noopener\" class=\"a2t-link\" target=\"_blank\" aria-label=\"Acodese-Adaptaciones-Noticel-300&#215;600\"><img loading=\"lazy\" decoding=\"async\" src=\"https:\/\/cdn.noticel.com\/2026\/05\/30094652\/Acodese-Adaptaciones-Noticel-300x600-1.jpg\" alt=\"\"  srcset=\"https:\/\/cdn.noticel.com\/2026\/05\/30094652\/Acodese-Adaptaciones-Noticel-300x600-1.jpg 300w, https:\/\/cdn.noticel.com\/2026\/05\/30094652\/Acodese-Adaptaciones-Noticel-300x600-1-150x300.jpg 150w, https:\/\/cdn.noticel.com\/2026\/05\/30094652\/Acodese-Adaptaciones-Noticel-300x600-1-6x12.jpg 6w\" sizes=\"(max-width: 300px) 100vw, 300px\" width=\"300\" height=\"600\"   \/><\/a><\/div>\n\n\n\n<p>\u201cTenemos una falta de lluvia por el fen\u00f3meno El Ni\u00f1o que no solamente nos afecta, tambi\u00e9n a otras partes del mundo. No es exclusivo de Puerto Rico. Afecta las Islas V\u00edrgenes, la Rep\u00fablica Dominicana, Virginia, Maryland y otras jurisdicciones. Lo estamos manejando\u201d, afirm\u00f3 Gonz\u00e1lez Col\u00f3n a la vez que sostuvo que el Comit\u00e9 de Sequ\u00eda tuvo la reuni\u00f3n semanal en La Fortaleza.<\/p>\n\n\n\n<p>\u201cEl fen\u00f3meno atmosf\u00e9rico nos dej\u00f3 un poco de agua en los embalses que nos ayuda un poco. Se est\u00e1n tomando decisiones que nos pod\u00edan ayudar a corto y largo plazo. Hemos hablado de hincar unos pozos que no se est\u00e1n utilizando. Cuando tengamos mejores condiciones para llevar agua a la zona metropolitana, eso nos ayudar\u00eda a abastecer m\u00e1s\u201d, explic\u00f3.<\/p>\n\n\n\n<p>La gobernadora mencion\u00f3 que la zona del Centro de Convenciones no forma parte de los planes de racionamiento debido a que se suple del Superacueducto.<\/p>\n\n\n\n<p>\u201cNo tenemos planes de mayor racionamiento en otro embalse. Solamente estamos manejando la situaci\u00f3n de Carra\u00edzo que representa el 10% de los abastos de la zona metropolitana. Eso no significa debemos paralizar\u201d, concluy\u00f3 Gonz\u00e1lez Col\u00f3n.<\/p>","protected":false},"excerpt":{"rendered":"<p>La gobernadora Jenniffer Gonz\u00e1lez Col\u00f3n insisti\u00f3 que la sequ\u00eda es la raz\u00f3n para mantener entre el 10 y 13 por ciento de la poblaci\u00f3n con un intermitente servicio de agua potable. Asimismo, destac\u00f3 que regiones en Estados Unidos y, adem\u00e1s, en territorios del Caribe tambi\u00e9n enfrentan el mismo dilema. Sin embargo, no vislumbra que sea [&hellip;]<\/p>","protected":false},"author":93,"featured_media":1021559,"comment_status":"open","ping_status":"open","sticky":false,"template":"","format":"standard","meta":{"_acf_changed":false,"_monsterinsights_skip_tracking":false,"ep_exclude_from_search":false,"footnotes":""},"categories":[3],"tags":[136,2214,874,6107],"class_list":["post-1021551","post","type-post","status-publish","format-standard","has-post-thumbnail","hentry","category-noticias","tag-aaa","tag-agua","tag-agua-potable","tag-sequia"],"acf":[],"aioseo_notices":[],"_links":{"self":[{"href":"https:\/\/noticel.com\/en\/wp-json\/wp\/v2\/posts\/1021551","targetHints":{"allow":["GET"]}}],"collection":[{"href":"https:\/\/noticel.com\/en\/wp-json\/wp\/v2\/posts"}],"about":[{"href":"https:\/\/noticel.com\/en\/wp-json\/wp\/v2\/types\/post"}],"author":[{"embeddable":true,"href":"https:\/\/noticel.com\/en\/wp-json\/wp\/v2\/users\/93"}],"replies":[{"embeddable":true,"href":"https:\/\/noticel.com\/en\/wp-json\/wp\/v2\/comments?post=1021551"}],"version-history":[{"count":5,"href":"https:\/\/noticel.com\/en\/wp-json\/wp\/v2\/posts\/1021551\/revisions"}],"predecessor-version":[{"id":1021560,"href":"https:\/\/noticel.com\/en\/wp-json\/wp\/v2\/posts\/1021551\/revisions\/1021560"}],"wp:featuredmedia":[{"embeddable":true,"href":"https:\/\/noticel.com\/en\/wp-json\/wp\/v2\/media\/1021559"}],"wp:attachment":[{"href":"https:\/\/noticel.com\/en\/wp-json\/wp\/v2\/media?parent=1021551"}],"wp:term":[{"taxonomy":"category","embeddable":true,"href":"https:\/\/noticel.com\/en\/wp-json\/wp\/v2\/categories?post=1021551"},{"taxonomy":"post_tag","embeddable":true,"href":"https:\/\/noticel.com\/en\/wp-json\/wp\/v2\/tags?post=1021551"}],"curies":[{"name":"wp","href":"https:\/\/api.w.org\/{rel}","templated":true}]}}