{"id":1021532,"date":"2026-08-31T12:27:16","date_gmt":"2026-08-31T16:27:16","guid":{"rendered":""},"modified":"2026-08-31T12:39:38","modified_gmt":"2026-08-31T16:39:38","slug":"senado-evalua-nombramientos-para-el-negociado-de-energia-registro-de-la-propiedad-y-la-procuraduria-de-menores","status":"publish","type":"post","link":"https:\/\/noticel.com\/en\/noticias\/20260831\/senado-evalua-nombramientos-para-el-negociado-de-energia-registro-de-la-propiedad-y-la-procuraduria-de-menores\/","title":{"rendered":"Senado eval\u00faa nombramientos para el\u00a0Negociado de Energ\u00eda,\u00a0Registro de la Propiedad\u00a0y\u00a0la Procuradur\u00eda de Menores"},"content":{"rendered":"<p><\/p>\n\n\n\n<p>La Comisi\u00f3n de Innovaci\u00f3n, Reforma y Nombramientos, presidida por Thomas Rivera Schatz, celebr\u00f3 una vista p\u00fablica para evaluar los nombramientos de Omar M. Rodr\u00edguez Gonz\u00e1lez como Comisionado Asociado del Negociado de Energ\u00eda;\u00a0la licenciada Mary Joe Tanner Zalduondo como Registradora de la Propiedad y la licenciada Ana Margarita Ruiz Ramos como Procuradora de Asuntos de Menores.<\/p>\n\n\n\n<p>Rivera Schatz le expres\u00f3 a los tres nominados que \u201cen la tarde de hoy vamos a estar presentando sus nombramientos al pleno para la confirmaci\u00f3n, adelanto que tienen nuestro apoyo, nuestro voto\u201d.<\/p>\n\n\n\n<p>A la audiencia, compareci\u00f3&nbsp;Rodr\u00edguez Gonz\u00e1lez, quien&nbsp;sustent\u00f3 su nombramiento destacando su maestr\u00eda en Ingenier\u00eda Qu\u00edmica de la Universidad de Florida y sus bachilleratos en F\u00edsica y Qu\u00edmica de la Universidad de Tampa, junto con su experiencia en investigaci\u00f3n cient\u00edfica, industria petrolera, ingenier\u00eda de proyectos y optimizaci\u00f3n de procesos industriales.<\/p>\n\n\n\n<p>En su trayectoria profesional, mencion\u00f3 su labor como director de la Secci\u00f3n de Cooperativas de Energ\u00eda del Negociado, donde evalu\u00f3 propuestas regulatorias, atendi\u00f3 asuntos de cumplimiento y colabor\u00f3 en planes de infraestructura y estabilizaci\u00f3n del sistema el\u00e9ctrico. Tambi\u00e9n,&nbsp;su participaci\u00f3n en inspecciones de instalaciones, vistas p\u00fablicas y asesoramiento t\u00e9cnico.<\/p>\n\n\n\n<p>Rodr\u00edguez sostuvo que su preparaci\u00f3n y trayectoria le permiten comprender los retos t\u00e9cnicos, operacionales y econ\u00f3micos del sistema el\u00e9ctrico y asumir el cargo con criterio fundamentado en evidencia. Se\u00f1al\u00f3 que Puerto Rico necesita un ente regulador fuerte, independiente y t\u00e9cnicamente competente. \u201cMi compromiso es contribuir a ese prop\u00f3sito y trabajar para lograr un sistema energ\u00e9tico m\u00e1s confiable, eficiente, moderno y justo\u201d, indic\u00f3.<\/p>\n\n\n\n<p>Rivera Schatz pregunt\u00f3 al nominado si el Negociado de Energ\u00eda podr\u00eda asumir una funci\u00f3n adicional en la evaluaci\u00f3n de las credenciales y la capacidad t\u00e9cnica de las empresas que prestar\u00edan servicios el\u00e9ctricos en Puerto Rico. Al cuestionar los procesos de evaluaci\u00f3n anteriores, plante\u00f3 la posibilidad de modificar la ley para fortalecer esa funci\u00f3n. \u201cYo quiero que me hable claro, quiero que me diga cu\u00e1l es su opini\u00f3n\u201d, expres\u00f3.<\/p>\n\n\n\n<p>Rodr\u00edguez respondi\u00f3 que el Negociado de Energ\u00eda est\u00e1 capacitado para asumir esa responsabilidad si as\u00ed lo dispone la ley. \u201cLo que diga la ley, nosotros lo vamos a ejecutar con evidencia, punto, los cinco comisionados y nuevamente siempre con el inter\u00e9s p\u00fablico como n\u00famero uno\u201d, afirm\u00f3.<\/p>\n\n\n\n<p>Por su parte, el senador de mayor\u00eda \u00c1ngel Toledo L\u00f3pez,&nbsp;pregunt\u00f3 c\u00f3mo su experiencia podr\u00eda contribuir desde el Negociado de Energ\u00eda a atender la necesidad de generaci\u00f3n temporera y garantizar suficiente energ\u00eda para Puerto Rico.<\/p>\n\n\n\n<p>\u201cDebido a mi trayectoria, he tendido a enfocarme en la evidencia y usar mi criterio anal\u00edtico con esa evidencia. No me puedo dejar llevar por presiones externas\u201d, respondi\u00f3 Rodr\u00edguez. A\u00f1adi\u00f3 que el Negociado es un cuerpo colegiado que eval\u00faa la informaci\u00f3n disponible y toma decisiones dirigidas a beneficiar al pueblo de Puerto Rico. Igualmente, Toledo pregunt\u00f3 si entiende que en Puerto Rico hay una crisis de energ\u00eda. El deponente respondi\u00f3 que \u201cs\u00ed\u201d.<\/p>\n\n\n\n<p>Adem\u00e1s, la senadora de mayor\u00eda Migdalia Padilla Alvelo, expres\u00f3 \u201cque ustedes piensen primero en el ciudadano, porque verdaderamente por esos servicios el puertorrique\u00f1o paga\u201d. Dijo al exhortar a Rodr\u00edguez Gonz\u00e1lez a priorizar a los abonados en las decisiones del Negociado de Energ\u00eda. \u201cNosotros esperamos m\u00e1s de nuestros servidores p\u00fablicos. Y en el caso suyo, usted tiene un poder decisional extraordinario\u201d, a\u00f1adi\u00f3.<\/p>\n\n\n\n<p>Asimismo,&nbsp;se present\u00f3&nbsp;la licenciada Tanner&nbsp;Zalduondo&nbsp;para sustentar su nombramiento como Registradora de la Propiedad, destacando su formaci\u00f3n acad\u00e9mica, experiencia profesional y vocaci\u00f3n de servicio p\u00fablico. La nominada posee un bachillerato en Comunicaciones de la Universidad del Sagrado Coraz\u00f3n y un Juris Doctor de la Universidad Interamericana, y ejerce como abogada y notaria desde 2011.<\/p>\n\n\n\n<p>\u201cDurante el ejercicio de mi pr\u00e1ctica legal y notarial, he ido adquiriendo las destrezas, habilidades y conocimientos necesarios para ejercer con profundo compromiso como Registradora de la Propiedad\u201d, destac\u00f3 Tanner&nbsp;Zalduondo.<\/p>\n\n\n\n<p>La trayectoria profesional de la nominada incluye la pr\u00e1ctica privada, funciones como asesora legal y procuradora auxiliar en ASUME, y su nombramiento como&nbsp;procuradora de&nbsp;asuntos de&nbsp;familia en 2019. Adem\u00e1s, desde 2025 est\u00e1 destacada como asesora auxiliar II en La Fortaleza, donde ha fortalecido sus destrezas de investigaci\u00f3n jur\u00eddica y administraci\u00f3n. Resalt\u00f3 la importancia del Registro de la Propiedad para la seguridad jur\u00eddica de las transacciones inmobiliarias y se\u00f1al\u00f3 su experiencia con tr\u00e1mites registrales y el sistema digital Karibe.<\/p>\n\n\n\n<p>Tambi\u00e9n,&nbsp;fue evaluada la licenciada Ruiz Ramos, nominada como Procuradora de Asuntos de Menores. Graduada de Derecho de la Universidad Interamericana en 2015 y admitida a la abogac\u00eda en 2016, destac\u00f3 una d\u00e9cada de experiencia en derecho de familia, atendiendo casos de adopci\u00f3n, maltrato, patria potestad y alimentos. Adem\u00e1s, resalt\u00f3 su participaci\u00f3n en la Comisi\u00f3n de Derecho de Familia del Colegio de Abogados entre 2018 y 2020, y su trabajo como asesora legislativa del Senado desde 2025.<\/p>\n\n\n\n<p>\u201cQuiero ser procuradora, porque quiero aportar a que nuestros j\u00f3venes tengan un sistema que les exija responsabilidad, pero que tambi\u00e9n les d\u00e9 la oportunidad de rehabilitarse cuando las circunstancias lo permitan\u201d, expres\u00f3 Ruiz&nbsp;Ramos.<\/p>\n\n\n\n<p>La deponente propuso ejercer el cargo manteniendo un equilibrio entre justicia, protecci\u00f3n y rehabilitaci\u00f3n: exigir responsabilidad por las conductas delictivas, proteger a las v\u00edctimas y comunidades, y ofrecer oportunidades de rehabilitaci\u00f3n cuando las circunstancias lo permitan. Sostuvo que considerar el entorno de cada joven ayuda a tomar mejores decisiones conforme a la ley, sin justificar conductas incorrectas.<\/p>\n\n\n\n<p>Sobre este nombramiento, Toledo L\u00f3pez destac\u00f3 la importancia de la sensibilidad en la atenci\u00f3n de los casos de menores. \u201cCuando t\u00fa tienes un procurador que sabe y conoce muy bien su trabajo, no solamente ejerce con diligencia la funci\u00f3n del fiscal, para ser muy honesto, sino que tambi\u00e9n tiene empat\u00eda con ese menor que necesita en muchas ocasiones redirigir rutas, reevaluar realidades\u201d, expres\u00f3.<\/p>","protected":false},"excerpt":{"rendered":"<p>La Comisi\u00f3n de Innovaci\u00f3n, Reforma y Nombramientos, presidida por Thomas Rivera Schatz, celebr\u00f3 una vista p\u00fablica para evaluar los nombramientos de Omar M. Rodr\u00edguez Gonz\u00e1lez como Comisionado Asociado del Negociado de Energ\u00eda;\u00a0la licenciada Mary Joe Tanner Zalduondo como Registradora de la Propiedad y la licenciada Ana Margarita Ruiz Ramos como Procuradora de Asuntos de Menores. [&hellip;]<\/p>","protected":false},"author":100,"featured_media":1021533,"comment_status":"open","ping_status":"open","sticky":false,"template":"","format":"standard","meta":{"_acf_changed":false,"_monsterinsights_skip_tracking":false,"ep_exclude_from_search":false,"footnotes":""},"categories":[3],"tags":[149,152],"class_list":["post-1021532","post","type-post","status-publish","format-standard","has-post-thumbnail","hentry","category-noticias","tag-gobierno","tag-puerto-rico"],"acf":[],"aioseo_notices":[],"_links":{"self":[{"href":"https:\/\/noticel.com\/en\/wp-json\/wp\/v2\/posts\/1021532","targetHints":{"allow":["GET"]}}],"collection":[{"href":"https:\/\/noticel.com\/en\/wp-json\/wp\/v2\/posts"}],"about":[{"href":"https:\/\/noticel.com\/en\/wp-json\/wp\/v2\/types\/post"}],"author":[{"embeddable":true,"href":"https:\/\/noticel.com\/en\/wp-json\/wp\/v2\/users\/100"}],"replies":[{"embeddable":true,"href":"https:\/\/noticel.com\/en\/wp-json\/wp\/v2\/comments?post=1021532"}],"version-history":[{"count":2,"href":"https:\/\/noticel.com\/en\/wp-json\/wp\/v2\/posts\/1021532\/revisions"}],"predecessor-version":[{"id":1021535,"href":"https:\/\/noticel.com\/en\/wp-json\/wp\/v2\/posts\/1021532\/revisions\/1021535"}],"wp:featuredmedia":[{"embeddable":true,"href":"https:\/\/noticel.com\/en\/wp-json\/wp\/v2\/media\/1021533"}],"wp:attachment":[{"href":"https:\/\/noticel.com\/en\/wp-json\/wp\/v2\/media?parent=1021532"}],"wp:term":[{"taxonomy":"category","embeddable":true,"href":"https:\/\/noticel.com\/en\/wp-json\/wp\/v2\/categories?post=1021532"},{"taxonomy":"post_tag","embeddable":true,"href":"https:\/\/noticel.com\/en\/wp-json\/wp\/v2\/tags?post=1021532"}],"curies":[{"name":"wp","href":"https:\/\/api.w.org\/{rel}","templated":true}]}}