{"id":1021520,"date":"2026-08-31T11:17:19","date_gmt":"2026-08-31T15:17:19","guid":{"rendered":""},"modified":"2026-08-31T11:31:46","modified_gmt":"2026-08-31T15:31:46","slug":"messi-se-despide-de-la-seleccion-de-argentina","status":"publish","type":"post","link":"https:\/\/noticel.com\/en\/ultima-hora\/20260831\/messi-se-despide-de-la-seleccion-de-argentina\/","title":{"rendered":"Messi se despide de la selecci\u00f3n de Argentina"},"content":{"rendered":"<p>Lionel Messi anunci\u00f3 hoy su retiro de la selecci\u00f3n de f\u00fatbol de Argentina.<\/p>\n\n\n\n<p>En un v\u00eddeo publicado en su cuenta de Instagram en que se presentan algunos de sus mejores momentos vistiendo la camisa de su pa\u00eds, el jugador del Inter Miami indica que tom\u00f3 la decisi\u00f3n el 21 de julio, dos d\u00edas despu\u00e9s de la final del Mundial contra Espa\u00f1a. Indic\u00f3 que ahora est\u00e1 m\u00e1s convencido de que es el momento, tras la muerte de su padre, Jorge.<\/p><div class=\"notic-content-middle\" id=\"notic-1769480548\"><div class=\"notic-adlabel\">Advertisements<\/div><a data-no-instant=\"1\" href=\"https:\/\/www.asegurate-bien.com\/\" rel=\"noopener\" class=\"a2t-link\" target=\"_blank\" aria-label=\"Acodese-Adaptaciones-Noticel-300&#215;600\"><img loading=\"lazy\" decoding=\"async\" src=\"https:\/\/cdn.noticel.com\/2026\/05\/30094652\/Acodese-Adaptaciones-Noticel-300x600-1.jpg\" alt=\"\"  srcset=\"https:\/\/cdn.noticel.com\/2026\/05\/30094652\/Acodese-Adaptaciones-Noticel-300x600-1.jpg 300w, https:\/\/cdn.noticel.com\/2026\/05\/30094652\/Acodese-Adaptaciones-Noticel-300x600-1-150x300.jpg 150w, https:\/\/cdn.noticel.com\/2026\/05\/30094652\/Acodese-Adaptaciones-Noticel-300x600-1-6x12.jpg 6w\" sizes=\"(max-width: 300px) 100vw, 300px\" width=\"300\" height=\"600\"   \/><\/a><\/div>\n\n\n\n<p>\u00abDespu\u00e9s de este tiempo que pas\u00f3 desde la final, pens\u00e1ndolo mucho, quiero comunicarles a todos que e retiro de la Selecci\u00f3n\u2026\u00bb, indic\u00f3. \u00abFue una decisi\u00f3n que doli\u00f3 y duele en el alma pero entiendo que es el momento. Les juro que siempre dej\u00e9 todo, no solo los \u00faltimos a\u00f1os que se gan\u00f3 todo antes tambi\u00e9n y siempre pele\u00e9 y me dej\u00e9 todo por esta camiseta, por darles alegr\u00edas y hacer que se sientan orgullosos de ser argentinos a trav\u00e9s del f\u00fatbol\u00bb.<\/p>\n\n\n\n<p>\u00abQueda poco y se van cerrando etapas y esta es una que me duele mucho. Amo, am\u00e9 y amar\u00e9 siempre estar en la Selecci\u00f3n. Me vaci\u00e9, ya no tengo m\u00e1s para dar y aparte vienen chicos muy grandes atr\u00e1s que  merecen estar. Gracias por todo el cari\u00f1o de estos 20 a\u00f1os. Voy a extra\u00f1ar mucho escucharlos desde adentro. Ahora voy a ser uno m\u00e1s de ustedes, alentando y bancando siempre desde afuera (en las buenas y en las malas, mucho m\u00e1s)\u00bb, agreg\u00f3.<\/p>\n\n\n\n<p><\/p>","protected":false},"excerpt":{"rendered":"<p>Lionel Messi anunci\u00f3 hoy su retiro de la selecci\u00f3n de f\u00fatbol de Argentina. En un v\u00eddeo publicado en su cuenta de Instagram en que se presentan algunos de sus mejores momentos vistiendo la camisa de su pa\u00eds, el jugador del Inter Miami indica que tom\u00f3 la decisi\u00f3n el 21 de julio, dos d\u00edas despu\u00e9s de [&hellip;]<\/p>","protected":false},"author":100,"featured_media":1004622,"comment_status":"open","ping_status":"open","sticky":false,"template":"","format":"standard","meta":{"_acf_changed":false,"_monsterinsights_skip_tracking":false,"ep_exclude_from_search":false,"footnotes":""},"categories":[31,39,2],"tags":[482,481,2407],"class_list":["post-1021520","post","type-post","status-publish","format-standard","has-post-thumbnail","hentry","category-deportes","category-futbol","category-ultima-hora","tag-argentina","tag-messi","tag-retiro"],"acf":[],"aioseo_notices":[],"_links":{"self":[{"href":"https:\/\/noticel.com\/en\/wp-json\/wp\/v2\/posts\/1021520","targetHints":{"allow":["GET"]}}],"collection":[{"href":"https:\/\/noticel.com\/en\/wp-json\/wp\/v2\/posts"}],"about":[{"href":"https:\/\/noticel.com\/en\/wp-json\/wp\/v2\/types\/post"}],"author":[{"embeddable":true,"href":"https:\/\/noticel.com\/en\/wp-json\/wp\/v2\/users\/100"}],"replies":[{"embeddable":true,"href":"https:\/\/noticel.com\/en\/wp-json\/wp\/v2\/comments?post=1021520"}],"version-history":[{"count":2,"href":"https:\/\/noticel.com\/en\/wp-json\/wp\/v2\/posts\/1021520\/revisions"}],"predecessor-version":[{"id":1021523,"href":"https:\/\/noticel.com\/en\/wp-json\/wp\/v2\/posts\/1021520\/revisions\/1021523"}],"wp:featuredmedia":[{"embeddable":true,"href":"https:\/\/noticel.com\/en\/wp-json\/wp\/v2\/media\/1004622"}],"wp:attachment":[{"href":"https:\/\/noticel.com\/en\/wp-json\/wp\/v2\/media?parent=1021520"}],"wp:term":[{"taxonomy":"category","embeddable":true,"href":"https:\/\/noticel.com\/en\/wp-json\/wp\/v2\/categories?post=1021520"},{"taxonomy":"post_tag","embeddable":true,"href":"https:\/\/noticel.com\/en\/wp-json\/wp\/v2\/tags?post=1021520"}],"curies":[{"name":"wp","href":"https:\/\/api.w.org\/{rel}","templated":true}]}}