{"id":1021512,"date":"2026-08-31T10:59:16","date_gmt":"2026-08-31T14:59:16","guid":{"rendered":"https:\/\/noticel.com\/?p=1021512"},"modified":"2026-08-31T11:07:48","modified_gmt":"2026-08-31T15:07:48","slug":"nepal-eleva-a-903-los-muertos-y-a-4247-los-desaparecidos-por-la-violenta-riada","status":"publish","type":"post","link":"https:\/\/noticel.com\/en\/noticias\/20260831\/nepal-eleva-a-903-los-muertos-y-a-4247-los-desaparecidos-por-la-violenta-riada\/","title":{"rendered":"Nepal eleva a 903 los muertos y a 4,247 los desaparecidos por la violenta riada"},"content":{"rendered":"<p><\/p>\n\n\n\n<p>KATMANDU \u2014 Nepal elev\u00f3 este lunes a 903 la cifra de muertos y a 4,247 la de desaparecidos tras la devastadora riada que arras\u00f3 el pasado mi\u00e9rcoles una zona del norte y el centro de Nepal, seg\u00fan el \u00faltimo informe de la Autoridad Nacional para la Reducci\u00f3n y Gesti\u00f3n del Riesgo de Desastres (NDRRMA).<\/p>\n\n\n\n<p>Con un incremento de 115 fallecidos en el \u00faltimo recuento y m\u00e1s de 1,700 nuevos desaparecidos contabilizados solo en suelo nepal\u00ed, la tragedia a ambos lados de la frontera deja ya un saldo total de 919 muertos y 4,793 personas sin localizar.<\/p>\n\n\n\n<p>El dr\u00e1stico aumento en el registro de personas sin contacto, que pas\u00f3 de 2,502 a 4,247 en menos de 24 horas, se debe a un progresivo restablecimiento de las comunicaciones en los distritos m\u00e1s aislados, que ha permitido consolidar los conteos de las diferentes administraciones.<\/p>\n\n\n\n<p>Seg\u00fan el desglose del organismo, la mayor parte de este aumento procede de los reportes del Centro Operativo de Emergencias del Distrito (DEOC) en Nuwakot, que registr\u00f3 un salto de 115 a 1,558 desaparecidos, mientras que en Rasuwa la cifra ascendi\u00f3 de 562 a 865 personas.<\/p>\n\n\n\n<p>A estos balances locales se suman 933 trabajadores atrapados o no localizados en complejos hidroel\u00e9ctricos de la cuenca del Bhote Koshi y Trishuli, 83 miembros de las fuerzas de seguridad y 21 funcionarios de diversos organismos p\u00fablicos.<\/p><div class=\"notic-content-middle\" id=\"notic-17418192\"><div class=\"notic-adlabel\">Advertisements<\/div><a data-no-instant=\"1\" href=\"https:\/\/qrco.de\/bgxd5v\" rel=\"noopener\" class=\"a2t-link\" target=\"_blank\" aria-label=\"300X600-SEBUSCA3\"><img loading=\"lazy\" decoding=\"async\" src=\"https:\/\/cdn.noticel.com\/2026\/09\/02194515\/300X600-SEBUSCA3.jpg\" alt=\"\"  srcset=\"https:\/\/cdn.noticel.com\/2026\/09\/02194515\/300X600-SEBUSCA3.jpg 300w, https:\/\/cdn.noticel.com\/2026\/09\/02194515\/300X600-SEBUSCA3-150x300.jpg 150w, https:\/\/cdn.noticel.com\/2026\/09\/02194515\/300X600-SEBUSCA3-6x12.jpg 6w\" sizes=\"(max-width: 300px) 100vw, 300px\" width=\"300\" height=\"600\"   \/><\/a><\/div>\n\n\n\n<p>Unos 592 ciudadanos extranjeros siguen en paradero desconocido.<\/p>\n\n\n\n<p>La Junta de Turismo de Nepal (NBL) inform\u00f3 el domingo de que las autoridades han logrado entablar contacto directo con un grupo de cinco extranjeros que se encontraban localizados en la zona, entre ellos tres ciudadanos espa\u00f1oles, un estadounidense y un belga, aunque el informe oficial no precisa si han sido ya evacuados o permanecen a la espera de rescate en sus ubicaciones.<\/p>\n\n\n\n<p>Las labores de b\u00fasqueda y rescate sobre el terreno contin\u00faan, con un despliegue masivo de 20,811 efectivos de las fuerzas de seguridad, apoyados por seis equipos m\u00e9dico-quir\u00fargicos.<\/p>\n\n\n\n<p>Adem\u00e1s, las operaciones de evacuaci\u00f3n a\u00e9rea dirigidas por el Ej\u00e9rcito han completado 411 vuelos de helic\u00f3ptero, logrando poner a salvo a 10,451 personas, entre ellas 3,344 ciudadanos nepal\u00edes y 252 extranjeros, agreg\u00f3 el reporte.<\/p>","protected":false},"excerpt":{"rendered":"<p>KATMANDU \u2014 Nepal elev\u00f3 este lunes a 903 la cifra de muertos y a 4,247 la de desaparecidos tras la devastadora riada que arras\u00f3 el pasado mi\u00e9rcoles una zona del norte y el centro de Nepal, seg\u00fan el \u00faltimo informe de la Autoridad Nacional para la Reducci\u00f3n y Gesti\u00f3n del Riesgo de Desastres (NDRRMA). Con [&hellip;]<\/p>","protected":false},"author":102,"featured_media":1021514,"comment_status":"open","ping_status":"open","sticky":false,"template":"","format":"standard","meta":{"_acf_changed":false,"_monsterinsights_skip_tracking":false,"ep_exclude_from_search":false,"footnotes":""},"categories":[17,3],"tags":[157,6874],"class_list":["post-1021512","post","type-post","status-publish","format-standard","has-post-thumbnail","hentry","category-mundo","category-noticias","tag-mundo","tag-nepal"],"acf":[],"aioseo_notices":[],"_links":{"self":[{"href":"https:\/\/noticel.com\/en\/wp-json\/wp\/v2\/posts\/1021512","targetHints":{"allow":["GET"]}}],"collection":[{"href":"https:\/\/noticel.com\/en\/wp-json\/wp\/v2\/posts"}],"about":[{"href":"https:\/\/noticel.com\/en\/wp-json\/wp\/v2\/types\/post"}],"author":[{"embeddable":true,"href":"https:\/\/noticel.com\/en\/wp-json\/wp\/v2\/users\/102"}],"replies":[{"embeddable":true,"href":"https:\/\/noticel.com\/en\/wp-json\/wp\/v2\/comments?post=1021512"}],"version-history":[{"count":1,"href":"https:\/\/noticel.com\/en\/wp-json\/wp\/v2\/posts\/1021512\/revisions"}],"predecessor-version":[{"id":1021517,"href":"https:\/\/noticel.com\/en\/wp-json\/wp\/v2\/posts\/1021512\/revisions\/1021517"}],"wp:featuredmedia":[{"embeddable":true,"href":"https:\/\/noticel.com\/en\/wp-json\/wp\/v2\/media\/1021514"}],"wp:attachment":[{"href":"https:\/\/noticel.com\/en\/wp-json\/wp\/v2\/media?parent=1021512"}],"wp:term":[{"taxonomy":"category","embeddable":true,"href":"https:\/\/noticel.com\/en\/wp-json\/wp\/v2\/categories?post=1021512"},{"taxonomy":"post_tag","embeddable":true,"href":"https:\/\/noticel.com\/en\/wp-json\/wp\/v2\/tags?post=1021512"}],"curies":[{"name":"wp","href":"https:\/\/api.w.org\/{rel}","templated":true}]}}