{"id":1021506,"date":"2026-08-31T10:30:51","date_gmt":"2026-08-31T14:30:51","guid":{"rendered":""},"modified":"2026-08-31T10:35:31","modified_gmt":"2026-08-31T14:35:31","slug":"menudo-celebra-50-anos-con-una-gira-que-reunira-a-siete-de-sus-exintegrantes","status":"publish","type":"post","link":"https:\/\/noticel.com\/en\/noticias\/20260831\/menudo-celebra-50-anos-con-una-gira-que-reunira-a-siete-de-sus-exintegrantes\/","title":{"rendered":"Menudo celebra 50 a\u00f1os con una gira que reunir\u00e1 a siete de sus exintegrantes"},"content":{"rendered":"<p><\/p>\n\n\n\n<p>MIAMI \u2014 Siete exintegrantes de Menudo se reunir\u00e1n en una gira con motivo del 50 aniversario del legendario grupo puertorrique\u00f1o, que arrancar\u00e1 en octubre en California y terminar\u00e1 en diciembre en Puerto Rico con sus canciones adaptadas a las voces adultas de sus antiguos miembros, pero que, aseguran en entrevista con EFE, mantienen el sonido que los caracteriz\u00f3.<\/p>\n\n\n\n<p>Creado en 1977 por el productor Edgardo D\u00edaz, este grupo se convirti\u00f3 en uno de los mayores fen\u00f3menos de la m\u00fasica popular latinoamericana, especialmente durante la d\u00e9cada de 1980.<\/p>\n\n\n\n<p>Por sus filas pasaron artistas como Ricky Martin, quien se incorpor\u00f3 en 1984 junto con Draco Rosa, aunque ninguno de los dos participar\u00e1 en esta gira.<\/p>\n\n\n\n<h2 class=\"wp-block-heading\"><strong>&#8216;S\u00fabete a mi moto&#8217;<\/strong><\/h2>\n\n\n\n<p>Ralphy Rodr\u00edguez, de 53 a\u00f1os y miembro de 1986 a 1987, record\u00f3 que la banda tuvo \u00abun repertorio de cientos de canciones\u00bb entre 1979 y 1991, y que por ello tuvieron \u00abmuchas reuniones eligiendo primero cu\u00e1les canciones vamos a cantar y luego qui\u00e9n va a cantar cada canci\u00f3n\u00bb.<\/p>\n\n\n\n<p>El criterio fue, seg\u00fan Raymond Acevedo (1985-1988), \u00abpor sentimiento\u00bb y por la \u00e9poca de cada uno en la agrupaci\u00f3n.<\/p>\n\n\n\n<p>Entre las imprescindibles, Roy Rossell\u00f3 (1983-1986) cit\u00f3 &#8216;S\u00fabete a mi moto&#8217;, que canta Ren\u00e9 Farrait (1979-1982), y este sum\u00f3 &#8216;Claridad&#8217;, para \u00e9l \u00abla cl\u00e1sica\u00bb del grupo.<\/p>\n\n\n\n<p>\u00abLas canciones se adaptan a nuestros tonos ahora de hombre\u00bb, explic\u00f3 Acevedo. \u00abSuena a Menudo porque son las mismas voces\u00bb, dijo el cantante de 54 a\u00f1os.<\/p>\n\n\n\n<p>\u00abNo todas las canciones de Menudo eran melod\u00edas muy altas (&#8230;) solamente lo bajamos un tonito\u00bb, precis\u00f3 Rodr\u00edguez.<\/p>\n\n\n\n<p>Por su parte, Robert Avellanet (1988-1991) apunt\u00f3 que el \u00fanico que canta en la misma tonalidad de entonces es Sergio Blass (1986-1990), porque \u00abno le cambi\u00f3 la voz\u00bb.<\/p>\n\n\n\n<p>El grupo segu\u00eda un modelo que obligaba a los integrantes en plena adolescencia a salir cuando cambiaban de voz.<\/p><div class=\"notic-content-middle\" id=\"notic-417407315\"><div class=\"notic-adlabel\">Advertisements<\/div><a data-no-instant=\"1\" href=\"https:\/\/www.asegurate-bien.com\/\" rel=\"noopener\" class=\"a2t-link\" target=\"_blank\" aria-label=\"Acodese-Adaptaciones-Noticel-300&#215;600\"><img loading=\"lazy\" decoding=\"async\" src=\"https:\/\/cdn.noticel.com\/2026\/05\/30094652\/Acodese-Adaptaciones-Noticel-300x600-1.jpg\" alt=\"\"  srcset=\"https:\/\/cdn.noticel.com\/2026\/05\/30094652\/Acodese-Adaptaciones-Noticel-300x600-1.jpg 300w, https:\/\/cdn.noticel.com\/2026\/05\/30094652\/Acodese-Adaptaciones-Noticel-300x600-1-150x300.jpg 150w, https:\/\/cdn.noticel.com\/2026\/05\/30094652\/Acodese-Adaptaciones-Noticel-300x600-1-6x12.jpg 6w\" sizes=\"(max-width: 300px) 100vw, 300px\" width=\"300\" height=\"600\"   \/><\/a><\/div>\n\n\n\n<h2 class=\"wp-block-heading\"><strong>Tres generaciones<\/strong><\/h2>\n\n\n\n<p>\u00abEs un espect\u00e1culo generacional y familiar\u00bb, dijo Farrait, que espera en el concierto \u00abpor lo menos tres generaciones\u00bb: las seguidoras que ya son abuelas, las hijas a las que llevaban a los conciertos y los nietos de aquellas.<\/p>\n\n\n\n<p>\u00abNo es solamente el show para las fans, sino para los hijos de las fans, para los nietos, para los abuelos\u00bb, subray\u00f3 Rossell\u00f3. \u00abYo veo a las hijas de las fans (&#8230;) van bailando m\u00e1s que nosotros\u00bb, a\u00f1adi\u00f3.<\/p>\n\n\n\n<p>Rodr\u00edguez incluy\u00f3 en esa cuenta a la \u00abgeneraci\u00f3n Z, que le encanta todo lo de los 80 y los 90, los casetes, los vinilos\u00bb, mientras Rub\u00e9n G\u00f3mez (1987-1990) agradece a internet por los nuevos seguidores adolescentes que siguen valorando su m\u00fasica.<\/p>\n\n\n\n<h2 class=\"wp-block-heading\"><strong>La ola de las &#8216;boy bands&#8217;<\/strong><\/h2>\n\n\n\n<p>Blass situ\u00f3 la gira en el regreso de las &#8216;boy bands&#8217; (grupos juveniles masculinos), que mantienen viva \u00abuna era dorada del pop\u00bb, y present\u00f3 a Menudo como \u00abembajadores de esa generaci\u00f3n musical\u00bb.<\/p>\n\n\n\n<p>Rodr\u00edguez adem\u00e1s puso como ejemplo la residencia del grupo estadounidense Backstreet Boys en Las Vegas y consider\u00f3 que el aniversario llega \u00aben este tiempo donde toda esta nostalgia est\u00e1 al frente de todo\u00bb.<\/p>\n\n\n\n<p>Para Acevedo \u00ablos escritores de ahora est\u00e1n volviendo\u00bb al estilo de composici\u00f3n de los a\u00f1os 70 y 80.<\/p>\n\n\n\n<p>Sobre la preparaci\u00f3n de la gira, Farrait brome\u00f3 que en \u00ablos primeros ensayos (&#8230;) nos dol\u00eda hasta el pelo\u00bb, mientras Rodr\u00edguez la compar\u00f3 con la disciplina de \u00ablos boxeadores antes de la pelea\u00bb: \u00abdos o tres meses de entrenamiento\u00bb.<\/p>\n\n\n\n<p>Los bailes se mantienen \u00abpr\u00e1cticamente los mismos\u00bb, seg\u00fan Farrait, con algunos movimientos eliminados o adaptados, que Avellanet describi\u00f3 como \u00abuna mezcla de jazz y karate y militar\u00bb.<\/p>\n\n\n\n<p>La gira arrancar\u00e1 el 10 de octubre en Los \u00c1ngeles (California) y pasar\u00e1 por Chicago el 17 y por Nueva York el 7 de noviembre. El 28 llegar\u00e1 a Ciudad de M\u00e9xico, su \u00fanica parada fuera de Estados Unidos, y el 4 de diciembre a Hollywood (Florida), antes de terminar el 12 en San Juan (Puerto Rico).<\/p>\n\n\n\n<p>Al preguntarles cu\u00e1l de las presentaciones les impon\u00eda m\u00e1s, Farrait se qued\u00f3 con la noche de Puerto Rico: su p\u00fablico, record\u00f3, fue el que dio al grupo \u00abese primer apoyo\u00bb para que \u00abtrascendiera a otros lugares\u00bb.<\/p>","protected":false},"excerpt":{"rendered":"<p>MIAMI \u2014 Siete exintegrantes de Menudo se reunir\u00e1n en una gira con motivo del 50 aniversario del legendario grupo puertorrique\u00f1o, que arrancar\u00e1 en octubre en California y terminar\u00e1 en diciembre en Puerto Rico con sus canciones adaptadas a las voces adultas de sus antiguos miembros, pero que, aseguran en entrevista con EFE, mantienen el sonido [&hellip;]<\/p>","protected":false},"author":102,"featured_media":1021507,"comment_status":"open","ping_status":"open","sticky":false,"template":"","format":"standard","meta":{"_acf_changed":false,"_monsterinsights_skip_tracking":false,"ep_exclude_from_search":false,"footnotes":""},"categories":[52,3],"tags":[6906],"class_list":["post-1021506","post","type-post","status-publish","format-standard","has-post-thumbnail","hentry","category-entretenimiento","category-noticias","tag-menudo"],"acf":[],"aioseo_notices":[],"_links":{"self":[{"href":"https:\/\/noticel.com\/en\/wp-json\/wp\/v2\/posts\/1021506","targetHints":{"allow":["GET"]}}],"collection":[{"href":"https:\/\/noticel.com\/en\/wp-json\/wp\/v2\/posts"}],"about":[{"href":"https:\/\/noticel.com\/en\/wp-json\/wp\/v2\/types\/post"}],"author":[{"embeddable":true,"href":"https:\/\/noticel.com\/en\/wp-json\/wp\/v2\/users\/102"}],"replies":[{"embeddable":true,"href":"https:\/\/noticel.com\/en\/wp-json\/wp\/v2\/comments?post=1021506"}],"version-history":[{"count":2,"href":"https:\/\/noticel.com\/en\/wp-json\/wp\/v2\/posts\/1021506\/revisions"}],"predecessor-version":[{"id":1021510,"href":"https:\/\/noticel.com\/en\/wp-json\/wp\/v2\/posts\/1021506\/revisions\/1021510"}],"wp:featuredmedia":[{"embeddable":true,"href":"https:\/\/noticel.com\/en\/wp-json\/wp\/v2\/media\/1021507"}],"wp:attachment":[{"href":"https:\/\/noticel.com\/en\/wp-json\/wp\/v2\/media?parent=1021506"}],"wp:term":[{"taxonomy":"category","embeddable":true,"href":"https:\/\/noticel.com\/en\/wp-json\/wp\/v2\/categories?post=1021506"},{"taxonomy":"post_tag","embeddable":true,"href":"https:\/\/noticel.com\/en\/wp-json\/wp\/v2\/tags?post=1021506"}],"curies":[{"name":"wp","href":"https:\/\/api.w.org\/{rel}","templated":true}]}}