{"id":1021503,"date":"2026-08-31T09:42:29","date_gmt":"2026-08-31T13:42:29","guid":{"rendered":"https:\/\/noticel.com\/?p=1021503"},"modified":"2026-08-31T09:46:17","modified_gmt":"2026-08-31T13:46:17","slug":"gobernadora-firma-oe-para-programas-post-secundarios-de-educacion-laboral","status":"publish","type":"post","link":"https:\/\/noticel.com\/en\/noticias\/20260831\/gobernadora-firma-oe-para-programas-post-secundarios-de-educacion-laboral\/","title":{"rendered":"Gobernadora firma OE para programas post secundarios de educaci\u00f3n laboral"},"content":{"rendered":"<p><\/p>\n\n\n\n<p>La gobernadora Jenniffer &nbsp;Aydin Gonz\u00e1lez Col\u00f3n firm\u00f3 la Orden Ejecutiva OE-2026-043 para implantar en Puerto Rico el&nbsp;Workforce Pell Grant Program, dirigido a ampliar el acceso a fondos federales para educaci\u00f3n y adiestramiento de corta duraci\u00f3n en ocupaciones de alta demanda laboral.<\/p>\n\n\n\n<p>La medida establece la estructura estatal para evaluar programas postsecundarios que podr\u00e1n ser considerados para recibir asistencia econ\u00f3mica federal. Bajo el marco vigente desde el 1 de julio de 2026, estudiantes elegibles podr\u00e1n obtener becas para programas de entre&nbsp;150 y 599 horas contacto, impartidos durante periodos de ocho a 15 semanas.<\/p>\n\n\n\n<p>La orden crea adem\u00e1s un&nbsp;Comit\u00e9 Interagencial Workforce Pell, presidido por el secretario del Departamento de Desarrollo Econ\u00f3mico y Comercio, que evaluar\u00e1 los programas y formular\u00e1 recomendaciones a la gobernadora. Tambi\u00e9n participar\u00e1n representantes de Trabajo, Educaci\u00f3n, Estado, Instituto de Estad\u00edsticas, PRFAA y otras entidades vinculadas a la educaci\u00f3n postsecundaria.<\/p><div class=\"notic-content-middle\" id=\"notic-4265316988\"><div class=\"notic-adlabel\">Advertisements<\/div><a data-no-instant=\"1\" href=\"https:\/\/www.asegurate-bien.com\/\" rel=\"noopener\" class=\"a2t-link\" target=\"_blank\" aria-label=\"Acodese-Adaptaciones-Noticel-300&#215;250\"><img loading=\"lazy\" decoding=\"async\" src=\"https:\/\/cdn.noticel.com\/2026\/05\/30094423\/Acodese-Adaptaciones-Noticel-300x250-1.jpg\" alt=\"\"  srcset=\"https:\/\/cdn.noticel.com\/2026\/05\/30094423\/Acodese-Adaptaciones-Noticel-300x250-1.jpg 300w, https:\/\/cdn.noticel.com\/2026\/05\/30094423\/Acodese-Adaptaciones-Noticel-300x250-1-14x12.jpg 14w\" sizes=\"(max-width: 300px) 100vw, 300px\" width=\"300\" height=\"250\"   \/><\/a><\/div>\n\n\n\n<p>Entre los criterios de evaluaci\u00f3n figuran datos de empleo, salarios y vacantes, as\u00ed como la capacidad de los programas para otorgar credenciales reconocidas, permitir continuidad acad\u00e9mica y contar con respaldo de patronos e industrias.<\/p>\n\n\n\n<p>La Junta Estatal de Desarrollo Laboral tendr\u00e1 a su cargo la coordinaci\u00f3n del programa y el apoyo t\u00e9cnico al comit\u00e9. Las recomendaciones ser\u00e1n sometidas a la gobernadora para certificaci\u00f3n estatal antes de la evaluaci\u00f3n final del Departamento de Educaci\u00f3n de Estados Unidos.<\/p>\n\n\n\n<p>El Gobierno tambi\u00e9n establecer\u00e1 un sistema de seguimiento para medir retenci\u00f3n, obtenci\u00f3n de credenciales, colocaci\u00f3n laboral y salarios. El comit\u00e9 podr\u00e1 recomendar la modificaci\u00f3n, suspensi\u00f3n o retiro de certificaciones a programas que no cumplan con los est\u00e1ndares establecidos.<\/p>","protected":false},"excerpt":{"rendered":"<p>La gobernadora Jenniffer &nbsp;Aydin Gonz\u00e1lez Col\u00f3n firm\u00f3 la Orden Ejecutiva OE-2026-043 para implantar en Puerto Rico el&nbsp;Workforce Pell Grant Program, dirigido a ampliar el acceso a fondos federales para educaci\u00f3n y adiestramiento de corta duraci\u00f3n en ocupaciones de alta demanda laboral. La medida establece la estructura estatal para evaluar programas postsecundarios que podr\u00e1n ser considerados [&hellip;]<\/p>","protected":false},"author":101,"featured_media":1021504,"comment_status":"open","ping_status":"open","sticky":false,"template":"","format":"standard","meta":{"_acf_changed":false,"_monsterinsights_skip_tracking":false,"ep_exclude_from_search":false,"footnotes":""},"categories":[3],"tags":[6905,153,2415],"class_list":["post-1021503","post","type-post","status-publish","format-standard","has-post-thumbnail","hentry","category-noticias","tag-educacion-laboral","tag-gobernadora","tag-leyes"],"acf":[],"aioseo_notices":[],"_links":{"self":[{"href":"https:\/\/noticel.com\/en\/wp-json\/wp\/v2\/posts\/1021503","targetHints":{"allow":["GET"]}}],"collection":[{"href":"https:\/\/noticel.com\/en\/wp-json\/wp\/v2\/posts"}],"about":[{"href":"https:\/\/noticel.com\/en\/wp-json\/wp\/v2\/types\/post"}],"author":[{"embeddable":true,"href":"https:\/\/noticel.com\/en\/wp-json\/wp\/v2\/users\/101"}],"replies":[{"embeddable":true,"href":"https:\/\/noticel.com\/en\/wp-json\/wp\/v2\/comments?post=1021503"}],"version-history":[{"count":1,"href":"https:\/\/noticel.com\/en\/wp-json\/wp\/v2\/posts\/1021503\/revisions"}],"predecessor-version":[{"id":1021505,"href":"https:\/\/noticel.com\/en\/wp-json\/wp\/v2\/posts\/1021503\/revisions\/1021505"}],"wp:featuredmedia":[{"embeddable":true,"href":"https:\/\/noticel.com\/en\/wp-json\/wp\/v2\/media\/1021504"}],"wp:attachment":[{"href":"https:\/\/noticel.com\/en\/wp-json\/wp\/v2\/media?parent=1021503"}],"wp:term":[{"taxonomy":"category","embeddable":true,"href":"https:\/\/noticel.com\/en\/wp-json\/wp\/v2\/categories?post=1021503"},{"taxonomy":"post_tag","embeddable":true,"href":"https:\/\/noticel.com\/en\/wp-json\/wp\/v2\/tags?post=1021503"}],"curies":[{"name":"wp","href":"https:\/\/api.w.org\/{rel}","templated":true}]}}