{"id":1021494,"date":"2026-08-31T09:06:08","date_gmt":"2026-08-31T13:06:08","guid":{"rendered":""},"modified":"2026-08-31T09:40:29","modified_gmt":"2026-08-31T13:40:29","slug":"populares-critican-reunion-a-puerta-cerrada-entre-victor-pares-y-josue-colon","status":"publish","type":"post","link":"https:\/\/noticel.com\/en\/ultima-hora\/20260831\/populares-critican-reunion-a-puerta-cerrada-entre-victor-pares-y-josue-colon\/","title":{"rendered":"Populares critican reuni\u00f3n a puerta cerrada entre V\u00edctor Par\u00e9s y Josu\u00e9 Col\u00f3n"},"content":{"rendered":"<p>&nbsp;Los representantes del Partido Popular Democr\u00e1tico (PPD), H\u00e9ctor Ferrer y \u00c1ngel \u201cTito\u201d Fourquet Cordero, cuestionaron que el representante V\u00edctor Par\u00e9s haya sustituido las vistas p\u00fablicas que anunci\u00f3 para investigar el fallido acuerdo de generaci\u00f3n temporera por una reuni\u00f3n a puertas cerradas con Josu\u00e9 Col\u00f3n, una de las figuras principales que debe responder por el proceso.<\/p>\n\n\n\n<p>\u201cLiteralmente V\u00edctor Par\u00e9s se va de media tour anunciando una investigaci\u00f3n, hablando de vistas p\u00fablicas y prometiendo respuestas al pa\u00eds, y ahora resulta que todo se reduce a una reuni\u00f3n privada con uno de los autores principales de este proceso. \u00bfQu\u00e9 cambi\u00f3? \u00bfQu\u00e9 es lo que est\u00e1n escondiendo? \u00bfQu\u00e9 es tan importante que no puede discutirse p\u00fablicamente?\u201d, cuestion\u00f3 Ferrer Santiago.<\/p>\n\n\n\n<p>Los legisladores se\u00f1alaron que, ante los cuestionamientos sobre un acuerdo de generaci\u00f3n temporera que involucra miles de millones de d\u00f3lares y que termin\u00f3 cancelado, la fiscalizaci\u00f3n no puede hacerse a puertas cerradas.<\/p>\n\n\n\n<p>\u201cSi V\u00edctor Par\u00e9s realmente quiere fiscalizar, que lo haga de frente y de cara al pa\u00eds. Si anunci\u00f3 vistas p\u00fablicas, que las haga. Si hay preguntas para Josu\u00e9 Col\u00f3n, que las conteste bajo juramento, con los documentos sobre la mesa y con el pa\u00eds escuchando. Una reuni\u00f3n privada no puede sustituir una investigaci\u00f3n p\u00fablica\u201d, sostuvo Fourquet.<\/p>\n\n\n\n<p>\u201cHay muchas preguntas que Josu\u00e9 Col\u00f3n debe contestar p\u00fablicamente. La fiscalizaci\u00f3n no se hace a puertas cerradas. El pa\u00eds merece saber qu\u00e9 esconden o qu\u00e9 est\u00e1n cuadrando en privado\u201d, afirmaron los representantes.<\/p>\n\n\n\n<p>Los legisladores cuestionaron adem\u00e1s que todav\u00eda no se haya aclarado p\u00fablicamente qui\u00e9n tom\u00f3 las decisiones, qui\u00e9n particip\u00f3 en las negociaciones, qu\u00e9 informaci\u00f3n se evalu\u00f3 y por qu\u00e9 un acuerdo de esta magnitud termin\u00f3 colapsando.<\/p>\n\n\n\n<p>\u201cCuando llega el momento de hacer las preguntas dif\u00edciles, se re\u00fanen en privado. Si no hay nada que esconder, que abran las puertas y le expliquen al pa\u00eds lo que ocurri\u00f3\u201d, afirmaron los representantes.<\/p>","protected":false},"excerpt":{"rendered":"<p>&nbsp;Los representantes del Partido Popular Democr\u00e1tico (PPD), H\u00e9ctor Ferrer y \u00c1ngel \u201cTito\u201d Fourquet Cordero, cuestionaron que el representante V\u00edctor Par\u00e9s haya sustituido las vistas p\u00fablicas que anunci\u00f3 para investigar el fallido acuerdo de generaci\u00f3n temporera por una reuni\u00f3n a puertas cerradas con Josu\u00e9 Col\u00f3n, una de las figuras principales que debe responder por el proceso. [&hellip;]<\/p>","protected":false},"author":100,"featured_media":1006311,"comment_status":"open","ping_status":"open","sticky":false,"template":"","format":"standard","meta":{"_acf_changed":false,"_monsterinsights_skip_tracking":false,"ep_exclude_from_search":false,"footnotes":""},"categories":[5,3,2],"tags":[634,1703],"class_list":["post-1021494","post","type-post","status-publish","format-standard","has-post-thumbnail","hentry","category-legislatura","category-noticias","category-ultima-hora","tag-josue-colon","tag-victor-pares"],"acf":[],"aioseo_notices":[],"_links":{"self":[{"href":"https:\/\/noticel.com\/en\/wp-json\/wp\/v2\/posts\/1021494","targetHints":{"allow":["GET"]}}],"collection":[{"href":"https:\/\/noticel.com\/en\/wp-json\/wp\/v2\/posts"}],"about":[{"href":"https:\/\/noticel.com\/en\/wp-json\/wp\/v2\/types\/post"}],"author":[{"embeddable":true,"href":"https:\/\/noticel.com\/en\/wp-json\/wp\/v2\/users\/100"}],"replies":[{"embeddable":true,"href":"https:\/\/noticel.com\/en\/wp-json\/wp\/v2\/comments?post=1021494"}],"version-history":[{"count":3,"href":"https:\/\/noticel.com\/en\/wp-json\/wp\/v2\/posts\/1021494\/revisions"}],"predecessor-version":[{"id":1021502,"href":"https:\/\/noticel.com\/en\/wp-json\/wp\/v2\/posts\/1021494\/revisions\/1021502"}],"wp:featuredmedia":[{"embeddable":true,"href":"https:\/\/noticel.com\/en\/wp-json\/wp\/v2\/media\/1006311"}],"wp:attachment":[{"href":"https:\/\/noticel.com\/en\/wp-json\/wp\/v2\/media?parent=1021494"}],"wp:term":[{"taxonomy":"category","embeddable":true,"href":"https:\/\/noticel.com\/en\/wp-json\/wp\/v2\/categories?post=1021494"},{"taxonomy":"post_tag","embeddable":true,"href":"https:\/\/noticel.com\/en\/wp-json\/wp\/v2\/tags?post=1021494"}],"curies":[{"name":"wp","href":"https:\/\/api.w.org\/{rel}","templated":true}]}}