{"id":1021491,"date":"2026-08-31T08:42:08","date_gmt":"2026-08-31T12:42:08","guid":{"rendered":""},"modified":"2026-08-31T08:56:26","modified_gmt":"2026-08-31T12:56:26","slug":"patron-del-tiempo-inestable-debido-a-la-humedad-asociada-con-onda-tropical","status":"publish","type":"post","link":"https:\/\/noticel.com\/en\/noticias\/20260831\/patron-del-tiempo-inestable-debido-a-la-humedad-asociada-con-onda-tropical\/","title":{"rendered":"Patr\u00f3n del tiempo inestable debido a la humedad asociada con onda tropical"},"content":{"rendered":"<p><\/p>\n\n\n\n<p>Hoy continuar\u00e1 un patr\u00f3n de tiempo inestable debido a la humedad asociada con una onda tropical fuerte, compuesta por los remanentes de Dolly, que permanece sobre la regi\u00f3n.<\/p>\n\n\n\n<p>Las condiciones mar\u00edtimas y costeras peligrosas continuar\u00e1n por lo menos hasta esta tarde. Permanecen vigentes una Advertencia para Embarcaciones Peque\u00f1as y un comunicado por riesgo de corrientes marinas.<\/p>\n\n\n\n<p>La humedad que permanecer\u00e1 detr\u00e1s de la onda probablemente producir\u00e1 aguaceros adicionales y algunas tronadas aisladas hasta mediados de semana. Por esta raz\u00f3n, continuar\u00e1 un riesgo de inundaciones entre limitado y elevado.<\/p>\n\n\n\n<p>Las temperaturas m\u00ednimas estuvieron entre los altos 70 \u00b0F y bajos 80 \u00b0F en la mayor\u00eda de las zonas, mientras que en la regi\u00f3n monta\u00f1osa estuvieron entre los altos 60 \u00b0F y bajos 70 \u00b0F. Durante la madrugada, los vientos cambiaron hacia una direcci\u00f3n m\u00e1s del sureste, con velocidades de aproximadamente 10 mph o menos.<\/p>\n\n\n\n<p>Seg\u00fan los an\u00e1lisis m\u00e1s recientes, el eje de la onda tropical se encuentra justo al oeste de Puerto Rico. Los datos de sat\u00e9lite muestran entre 2.10 y 2.30 pulgadas de humedad disponible en la atm\u00f3sfera, cantidades por encima de lo normal para esta \u00e9poca del a\u00f1o. Esa abundante humedad ayudar\u00e1 a mantener el patr\u00f3n de tiempo inestable.<\/p>\n\n\n\n<p>Mientras la onda tropical contin\u00faa su desplazamiento por la regi\u00f3n, los modelos indican que permanecer\u00e1 abundante humedad tropical. Los vientos ya han cambiado al sureste debido a que el eje de la onda se encuentra al oeste de nuestra regi\u00f3n.<\/p>\n\n\n\n<p>Bajo este patr\u00f3n, la lluvia de hoy deber\u00e1 el este y sureste de Puerto Rico, el interior y el noroeste de Puerto Rico. Sin embargo, los modelos han mostrado cierta inconsistencia respecto a las cantidades de lluvia y exactamente d\u00f3nde caer\u00e1n las acumulaciones m\u00e1s fuertes.<\/p><div class=\"notic-content-middle\" id=\"notic-481271445\"><div class=\"notic-adlabel\">Advertisements<\/div><a data-no-instant=\"1\" href=\"https:\/\/www.asegurate-bien.com\/\" rel=\"noopener\" class=\"a2t-link\" target=\"_blank\" aria-label=\"Acodese-Adaptaciones-Noticel-300&#215;250\"><img loading=\"lazy\" decoding=\"async\" src=\"https:\/\/cdn.noticel.com\/2026\/05\/30094423\/Acodese-Adaptaciones-Noticel-300x250-1.jpg\" alt=\"\"  srcset=\"https:\/\/cdn.noticel.com\/2026\/05\/30094423\/Acodese-Adaptaciones-Noticel-300x250-1.jpg 300w, https:\/\/cdn.noticel.com\/2026\/05\/30094423\/Acodese-Adaptaciones-Noticel-300x250-1-14x12.jpg 14w\" sizes=\"(max-width: 300px) 100vw, 300px\" width=\"300\" height=\"250\"   \/><\/a><\/div>\n\n\n\n<p>A pesar de esa incertidumbre, los principales peligros contin\u00faan siendo inundaciones urbanas y en lugares con mal drenaje, rayos y r\u00e1fagas fuertes de viento cerca de los aguaceros m\u00e1s intensos.<\/p>\n\n\n\n<p>Hoy existe un riesgo limitado de inundaciones para la mayor parte de Puerto Rico, mientras que para el noroeste de Puerto Rico el riesgo ser\u00e1 elevado.<br>Gradualmente, la actividad comenzar\u00e1 a parecerse m\u00e1s al patr\u00f3n t\u00edpico de esta \u00e9poca del a\u00f1o. Durante la tarde se desarrollar\u00e1n aguaceros y tronadas sobre el noroeste de Puerto Rico debido a la combinaci\u00f3n de temperaturas m\u00e1s altas, vientos del sureste y efectos locales. En esos sectores probablemente continuar\u00e1 un riesgo elevado de inundaciones durante la tarde.<\/p>\n\n\n\n<p>Para mediados de semana comenzar\u00e1 a disminuir la humedad en los niveles medios y altos de la atm\u00f3sfera. El pron\u00f3stico indica aguaceros pasajeros durante las ma\u00f1anas sobre el este de Puerto Rico, seguidos por aguaceros y tronadas localizadas durante las tardes sobre el interior y oeste.<\/p>\n\n\n\n<p>Para hoy, aguaceros y tronadas, principalmente antes del mediod\u00eda. Despu\u00e9s de las 3:00 p. m. son probables m\u00e1s aguaceros y posiblemente alguna tronada. M\u00e1xima cercana a 90 \u00b0F, con \u00edndice de calor de hasta 105 \u00b0F. Viento del este-sureste entre 8 y 11 mph. Probabilidad de lluvia de 90 %. Se esperan acumulaciones de aproximadamente \u00bd a \u00be de pulgada.<\/p>\n\n\n\n<p>Esta noche, aguaceros y tronadas dispersas. Mayormente nublado, con m\u00ednima cercana a 79 \u00b0F. Viento del este-sureste entre 5 y 8 mph. Probabilidad de lluvia de 50 %.<\/p>\n\n\n\n<p>Ma\u00f1ana, aguaceros dispersos antes de las 9:00 a. m. Entre las 9:00 a. m. y el mediod\u00eda habr\u00e1 aguaceros dispersos y tronadas, seguidos por aguaceros dispersos durante la tarde. Parcialmente soleado, con m\u00e1xima cercana a 91 \u00b0F e \u00edndice de calor de hasta 106 \u00b0F. Viento del este-sureste entre 8 y 16 mph, con r\u00e1fagas de hasta 22 mph. Probabilidad de lluvia de 50 %.<\/p>","protected":false},"excerpt":{"rendered":"<p>Hoy continuar\u00e1 un patr\u00f3n de tiempo inestable debido a la humedad asociada con una onda tropical fuerte, compuesta por los remanentes de Dolly, que permanece sobre la regi\u00f3n. Las condiciones mar\u00edtimas y costeras peligrosas continuar\u00e1n por lo menos hasta esta tarde. Permanecen vigentes una Advertencia para Embarcaciones Peque\u00f1as y un comunicado por riesgo de corrientes [&hellip;]<\/p>","protected":false},"author":101,"featured_media":1021492,"comment_status":"open","ping_status":"open","sticky":false,"template":"","format":"standard","meta":{"_acf_changed":false,"_monsterinsights_skip_tracking":false,"ep_exclude_from_search":false,"footnotes":""},"categories":[18,3],"tags":[602,131,152],"class_list":["post-1021491","post","type-post","status-publish","format-standard","has-post-thumbnail","hentry","category-el-tiempo","category-noticias","tag-el-tiempo","tag-onda-tropical","tag-puerto-rico"],"acf":[],"aioseo_notices":[],"_links":{"self":[{"href":"https:\/\/noticel.com\/en\/wp-json\/wp\/v2\/posts\/1021491","targetHints":{"allow":["GET"]}}],"collection":[{"href":"https:\/\/noticel.com\/en\/wp-json\/wp\/v2\/posts"}],"about":[{"href":"https:\/\/noticel.com\/en\/wp-json\/wp\/v2\/types\/post"}],"author":[{"embeddable":true,"href":"https:\/\/noticel.com\/en\/wp-json\/wp\/v2\/users\/101"}],"replies":[{"embeddable":true,"href":"https:\/\/noticel.com\/en\/wp-json\/wp\/v2\/comments?post=1021491"}],"version-history":[{"count":1,"href":"https:\/\/noticel.com\/en\/wp-json\/wp\/v2\/posts\/1021491\/revisions"}],"predecessor-version":[{"id":1021493,"href":"https:\/\/noticel.com\/en\/wp-json\/wp\/v2\/posts\/1021491\/revisions\/1021493"}],"wp:featuredmedia":[{"embeddable":true,"href":"https:\/\/noticel.com\/en\/wp-json\/wp\/v2\/media\/1021492"}],"wp:attachment":[{"href":"https:\/\/noticel.com\/en\/wp-json\/wp\/v2\/media?parent=1021491"}],"wp:term":[{"taxonomy":"category","embeddable":true,"href":"https:\/\/noticel.com\/en\/wp-json\/wp\/v2\/categories?post=1021491"},{"taxonomy":"post_tag","embeddable":true,"href":"https:\/\/noticel.com\/en\/wp-json\/wp\/v2\/tags?post=1021491"}],"curies":[{"name":"wp","href":"https:\/\/api.w.org\/{rel}","templated":true}]}}