{"id":1021486,"date":"2026-08-31T07:57:51","date_gmt":"2026-08-31T11:57:51","guid":{"rendered":""},"modified":"2026-08-31T08:11:08","modified_gmt":"2026-08-31T12:11:08","slug":"tremendo-tapon-por-protesta-en-repudio-a-la-junta-de-control-fiscal","status":"publish","type":"post","link":"https:\/\/noticel.com\/en\/noticias\/20260831\/tremendo-tapon-por-protesta-en-repudio-a-la-junta-de-control-fiscal\/","title":{"rendered":"Tremendo tap\u00f3n por protesta en repudio a la Junta de Control Fiscal"},"content":{"rendered":"<p><\/p>\n\n\n\n<p>A diez a\u00f1os de la creaci\u00f3n de la Junta de Supervisi\u00f3n y Administraci\u00f3n Financiera para Puerto Rico bajo la Ley PROMESA, la organizaci\u00f3n Jornada Se Acabaron las Promesas convoc\u00f3 al pueblo a participar hoy, 31 de agosto, en una jornada nacional de protesta contra el organismo fiscal federal.<\/p>\n\n\n\n<p>La jornada ha provocado tremendo tap\u00f3n en el expreso 52 en direcci\u00f3n de Caguas a San Juan, por lo que las autoridades recomendaron a las conductores a utilizar rutas alternas. <\/p>\n\n\n\n<p>Seg\u00fan la organizaci\u00f3n, una d\u00e9cada despu\u00e9s de la aprobaci\u00f3n de la ley, Puerto Rico enfrenta un escenario de mayor pobreza y precariedad, marcado por deficiencias en servicios esenciales como el acceso al agua, la electricidad, la salud, la educaci\u00f3n, la infraestructura y la seguridad p\u00fablica.<\/p>\n\n\n\n<p>Jornada Se Acabaron las Promesas sostuvo que las promesas de sanear la corrupci\u00f3n gubernamental y promover medidas para impulsar el desarrollo econ\u00f3mico no se han materializado. A su juicio, el aumento en el costo de vida, la falta de vivienda y la escasez de empleos estables y bien remunerados contrastan con lo que describi\u00f3 como un continuo \u201csaqueo\u201d de los recursos p\u00fablicos.<\/p>\n\n\n\n<p>La organizaci\u00f3n tambi\u00e9n acus\u00f3 a la Junta de actuar en beneficio de los acreedores y de imponer medidas de austeridad que, seg\u00fan argumenta, han reducido los recursos disponibles para servicios esenciales.<\/p><div class=\"notic-content-middle\" id=\"notic-3467879678\"><div class=\"notic-adlabel\">Advertisements<\/div><a data-no-instant=\"1\" href=\"https:\/\/www.asegurate-bien.com\/\" rel=\"noopener\" class=\"a2t-link\" target=\"_blank\" aria-label=\"Acodese-Adaptaciones-Noticel-300&#215;250\"><img loading=\"lazy\" decoding=\"async\" src=\"https:\/\/cdn.noticel.com\/2026\/05\/30094423\/Acodese-Adaptaciones-Noticel-300x250-1.jpg\" alt=\"\"  srcset=\"https:\/\/cdn.noticel.com\/2026\/05\/30094423\/Acodese-Adaptaciones-Noticel-300x250-1.jpg 300w, https:\/\/cdn.noticel.com\/2026\/05\/30094423\/Acodese-Adaptaciones-Noticel-300x250-1-14x12.jpg 14w\" sizes=\"(max-width: 300px) 100vw, 300px\" width=\"300\" height=\"250\"   \/><\/a><\/div>\n\n\n\n<p>\u201cLa Junta de Control Fiscal, de los intereses de los bonistas buitres, ha fungido como su agente de cobro succionando los recursos a trav\u00e9s de sus medidas de austeridad\u201d, afirm\u00f3 la organizaci\u00f3n en un comunicado.<\/p>\n\n\n\n<p>Asimismo, cuestion\u00f3 el costo de la propia estructura creada por PROMESA y critic\u00f3 los salarios de sus integrantes, mientras sectores de la poblaci\u00f3n han tenido que movilizarse para reclamar aumentos al salario m\u00ednimo.<\/p>\n\n\n\n<p>Ante este escenario, hizo un llamado a convertir el aniversario de PROMESA en un d\u00eda de protesta y movilizaci\u00f3n.<\/p>\n\n\n\n<p>\u201cExhortamos a la gente a ver este d\u00eda como uno de protesta y de lucha en la calle. A defender con dignidad lo que nos pertenece\u201d, sostuvo el grupo.<\/p>","protected":false},"excerpt":{"rendered":"<p>A diez a\u00f1os de la creaci\u00f3n de la Junta de Supervisi\u00f3n y Administraci\u00f3n Financiera para Puerto Rico bajo la Ley PROMESA, la organizaci\u00f3n Jornada Se Acabaron las Promesas convoc\u00f3 al pueblo a participar hoy, 31 de agosto, en una jornada nacional de protesta contra el organismo fiscal federal. La jornada ha provocado tremendo tap\u00f3n en [&hellip;]<\/p>","protected":false},"author":92,"featured_media":1021487,"comment_status":"open","ping_status":"open","sticky":false,"template":"","format":"standard","meta":{"_acf_changed":false,"_monsterinsights_skip_tracking":false,"ep_exclude_from_search":false,"footnotes":""},"categories":[4,3],"tags":[6904,325,538],"class_list":["post-1021486","post","type-post","status-publish","format-standard","has-post-thumbnail","hentry","category-gobierno","category-noticias","tag-control-fiscal","tag-junta-de-supervision-fiscal","tag-protesta"],"acf":[],"aioseo_notices":[],"_links":{"self":[{"href":"https:\/\/noticel.com\/en\/wp-json\/wp\/v2\/posts\/1021486","targetHints":{"allow":["GET"]}}],"collection":[{"href":"https:\/\/noticel.com\/en\/wp-json\/wp\/v2\/posts"}],"about":[{"href":"https:\/\/noticel.com\/en\/wp-json\/wp\/v2\/types\/post"}],"author":[{"embeddable":true,"href":"https:\/\/noticel.com\/en\/wp-json\/wp\/v2\/users\/92"}],"replies":[{"embeddable":true,"href":"https:\/\/noticel.com\/en\/wp-json\/wp\/v2\/comments?post=1021486"}],"version-history":[{"count":2,"href":"https:\/\/noticel.com\/en\/wp-json\/wp\/v2\/posts\/1021486\/revisions"}],"predecessor-version":[{"id":1021490,"href":"https:\/\/noticel.com\/en\/wp-json\/wp\/v2\/posts\/1021486\/revisions\/1021490"}],"wp:featuredmedia":[{"embeddable":true,"href":"https:\/\/noticel.com\/en\/wp-json\/wp\/v2\/media\/1021487"}],"wp:attachment":[{"href":"https:\/\/noticel.com\/en\/wp-json\/wp\/v2\/media?parent=1021486"}],"wp:term":[{"taxonomy":"category","embeddable":true,"href":"https:\/\/noticel.com\/en\/wp-json\/wp\/v2\/categories?post=1021486"},{"taxonomy":"post_tag","embeddable":true,"href":"https:\/\/noticel.com\/en\/wp-json\/wp\/v2\/tags?post=1021486"}],"curies":[{"name":"wp","href":"https:\/\/api.w.org\/{rel}","templated":true}]}}