{"id":1021482,"date":"2026-08-31T07:38:09","date_gmt":"2026-08-31T11:38:09","guid":{"rendered":"https:\/\/noticel.com\/?p=1021482"},"modified":"2026-08-31T07:42:26","modified_gmt":"2026-08-31T11:42:26","slug":"encuentran-confinado-muerto-en-ponce","status":"publish","type":"post","link":"https:\/\/noticel.com\/en\/noticias\/20260831\/encuentran-confinado-muerto-en-ponce\/","title":{"rendered":"Encuentran confinado muerto en Ponce"},"content":{"rendered":"<p><\/p>\n\n\n\n<p>PONCE &#8211; Las autoridades investigan \u00a0la muerte de un confinado, a eso de las 4:50 de la tarde del s\u00e1bado, en el Complejo Correccional Sgto. Pedro Rodr\u00edguez Mateo (Las Cucharas), en Ponce.<\/p>\n\n\n\n<p>Seg\u00fan el reporte de la Polic\u00eda, &nbsp;el oficial custodio realizaba ronda preventiva cuando observ\u00f3 a Carlos David P\u00e9rez Rodr\u00edguez, de 31 a\u00f1os, natural de Mayag\u00fcez, acostado en la cama de la celda, el cual al llamarlo no respond\u00eda.<\/p>\n\n\n\n<p>&nbsp;El m\u00e9dico de turno certific\u00f3 la ausencia de signos vitales y el cuerpo no presentaba signos de violencia visibles.<\/p><div class=\"notic-content-middle\" id=\"notic-1971682676\"><div class=\"notic-adlabel\">Advertisements<\/div><a data-no-instant=\"1\" href=\"https:\/\/www.asegurate-bien.com\/\" rel=\"noopener\" class=\"a2t-link\" target=\"_blank\" aria-label=\"Acodese-Adaptaciones-Noticel-300&#215;250\"><img loading=\"lazy\" decoding=\"async\" src=\"https:\/\/cdn.noticel.com\/2026\/05\/30094423\/Acodese-Adaptaciones-Noticel-300x250-1.jpg\" alt=\"\"  srcset=\"https:\/\/cdn.noticel.com\/2026\/05\/30094423\/Acodese-Adaptaciones-Noticel-300x250-1.jpg 300w, https:\/\/cdn.noticel.com\/2026\/05\/30094423\/Acodese-Adaptaciones-Noticel-300x250-1-14x12.jpg 14w\" sizes=\"(max-width: 300px) 100vw, 300px\" width=\"300\" height=\"250\"   \/><\/a><\/div>\n\n\n\n<p>&nbsp;P\u00e9rez Rodr\u00edguez, se encontraba sumariado desde el mes de marzo de este a\u00f1o por delitos de Violencia Dom\u00e9stica y Ley de Armas.<\/p>\n\n\n\n<p>Agentes de la Divisi\u00f3n de Homicidios y la fiscal Ada Torrez investigan.<\/p>","protected":false},"excerpt":{"rendered":"<p>PONCE &#8211; Las autoridades investigan \u00a0la muerte de un confinado, a eso de las 4:50 de la tarde del s\u00e1bado, en el Complejo Correccional Sgto. Pedro Rodr\u00edguez Mateo (Las Cucharas), en Ponce. Seg\u00fan el reporte de la Polic\u00eda, &nbsp;el oficial custodio realizaba ronda preventiva cuando observ\u00f3 a Carlos David P\u00e9rez Rodr\u00edguez, de 31 a\u00f1os, natural [&hellip;]<\/p>","protected":false},"author":100,"featured_media":1021483,"comment_status":"open","ping_status":"open","sticky":false,"template":"","format":"standard","meta":{"_acf_changed":false,"_monsterinsights_skip_tracking":false,"ep_exclude_from_search":false,"footnotes":""},"categories":[3],"tags":[459],"class_list":["post-1021482","post","type-post","status-publish","format-standard","has-post-thumbnail","hentry","category-noticias","tag-confinado"],"acf":[],"aioseo_notices":[],"_links":{"self":[{"href":"https:\/\/noticel.com\/en\/wp-json\/wp\/v2\/posts\/1021482","targetHints":{"allow":["GET"]}}],"collection":[{"href":"https:\/\/noticel.com\/en\/wp-json\/wp\/v2\/posts"}],"about":[{"href":"https:\/\/noticel.com\/en\/wp-json\/wp\/v2\/types\/post"}],"author":[{"embeddable":true,"href":"https:\/\/noticel.com\/en\/wp-json\/wp\/v2\/users\/100"}],"replies":[{"embeddable":true,"href":"https:\/\/noticel.com\/en\/wp-json\/wp\/v2\/comments?post=1021482"}],"version-history":[{"count":1,"href":"https:\/\/noticel.com\/en\/wp-json\/wp\/v2\/posts\/1021482\/revisions"}],"predecessor-version":[{"id":1021484,"href":"https:\/\/noticel.com\/en\/wp-json\/wp\/v2\/posts\/1021482\/revisions\/1021484"}],"wp:featuredmedia":[{"embeddable":true,"href":"https:\/\/noticel.com\/en\/wp-json\/wp\/v2\/media\/1021483"}],"wp:attachment":[{"href":"https:\/\/noticel.com\/en\/wp-json\/wp\/v2\/media?parent=1021482"}],"wp:term":[{"taxonomy":"category","embeddable":true,"href":"https:\/\/noticel.com\/en\/wp-json\/wp\/v2\/categories?post=1021482"},{"taxonomy":"post_tag","embeddable":true,"href":"https:\/\/noticel.com\/en\/wp-json\/wp\/v2\/tags?post=1021482"}],"curies":[{"name":"wp","href":"https:\/\/api.w.org\/{rel}","templated":true}]}}