{"id":1021451,"date":"2026-08-31T06:20:04","date_gmt":"2026-08-31T10:20:04","guid":{"rendered":""},"modified":"2026-08-31T06:59:49","modified_gmt":"2026-08-31T10:59:49","slug":"johnny-mendez-se-reunira-con-presidente-de-la-aaa-por-emergencia-en-naguabo","status":"publish","type":"post","link":"https:\/\/noticel.com\/en\/noticias\/20260831\/johnny-mendez-se-reunira-con-presidente-de-la-aaa-por-emergencia-en-naguabo\/","title":{"rendered":"Johnny M\u00e9ndez se reunir\u00e1 con presidente de la AAA por emergencia en Naguabo"},"content":{"rendered":"<p><\/p>\n\n\n\n<p>El presidente de la C\u00e1mara de Representantes, Carlos \u2018Johnny\u2019 M\u00e9ndez, sostendr\u00e1 una reuni\u00f3n con el presidente de la Autoridad de Acueductos y Alcantarillados (AAA), Luis Gonz\u00e1les, para discutir los planes de mitigaci\u00f3n para asegurar el servicio de agua potable a Vieques y Culebra ante el dram\u00e1tico descenso del nivel en el embalse R\u00edo Blanco de Naguabo, el cual suple a ambas islas municipio.\u00a0<\/p>\n\n\n\n<p>Igualmente, dialogar\u00e1 con la representante por el Distrito #35 (Humacao, Las Piedras y Naguabo), Sol Higgins.&nbsp;&nbsp;<\/p>\n\n\n\n<p>De acuerdo a data del s\u00e1bado, 29 de agosto, el embalse R\u00edo Blanco descendi\u00f3 unos 6 cent\u00edmetros, colocando su nivel en 24.36 metros, justo en la l\u00ednea de entrada a fase de Ajustes Operacionales.<\/p>\n\n\n\n<p>\u201cNos preocupa mucho la situaci\u00f3n en el embalse R\u00edo Blanco, particularmente el asunto con las islas municipio de Vieques y Culebra. Entendemos, por conversaciones previas, que la AAA cuenta con un plan de acci\u00f3n para asegurar el abasto de agua a las dos islas de este embalse y entrar en la fase de ajustes, lo cual parece que suceder\u00e1 muy pronto. El embalse lleva dos semanas perdiendo agua sobre 4 cent\u00edmetros al d\u00eda y se ha agudizado en los pasados siete d\u00edas. Por eso sostendremos conversaciones con el Presidente de la AAA a la mayor brevedad posible\u201d, sostuvo M\u00e9ndez, quien tambi\u00e9n representa el Distrito #36 de R\u00edo Grande, Luquillo, Fajardo, Ceiba, Vieques y Culebra.&nbsp;<\/p>\n\n\n\n<p>Desde el 17 de agosto, el promedio de descendi\u00f3 de este cuerpo de agua ha sido de 7 centimetros.&nbsp;<\/p>\n\n\n\n<p>El embalse R\u00edo Blanco, uno de los cuerpos de agua m\u00e1s modernos en Puerto Rico (construcci\u00f3n culmin\u00f3 en el verano de 2010), suministra agua a los municipios de Humacao, Yabucoa, Naguabo, Vieques y Culebra. Su capacidad de operaci\u00f3n normal cuenta con 4,455 acres-pies de agua.<\/p>\n\n\n\n<p>De acuerdo al \u00cdndice de Sequ\u00eda de la Administraci\u00f3n Nacional Oce\u00e1nica y Atmosf\u00e9rica, (NOAA, por sus siglas en ingl\u00e9s), para el s\u00e1bado, 29 de agosto, el 75.2 por ciento de la Isla se encuentra bajo nivel de sequ\u00eda, con el 44.5 por ciento siendo Sequ\u00eda Extrema.<\/p>\n\n\n\n<p>El municipio de Naguabo, donde se ubica el embalse, se entrega completamente bajo la designaci\u00f3n de Sequ\u00eda Extrema.<\/p>","protected":false},"excerpt":{"rendered":"<p>El presidente de la C\u00e1mara de Representantes, Carlos \u2018Johnny\u2019 M\u00e9ndez, sostendr\u00e1 una reuni\u00f3n con el presidente de la Autoridad de Acueductos y Alcantarillados (AAA), Luis Gonz\u00e1les, para discutir los planes de mitigaci\u00f3n para asegurar el servicio de agua potable a Vieques y Culebra ante el dram\u00e1tico descenso del nivel en el embalse R\u00edo Blanco de [&hellip;]<\/p>","protected":false},"author":100,"featured_media":1021452,"comment_status":"open","ping_status":"open","sticky":false,"template":"","format":"standard","meta":{"_acf_changed":false,"_monsterinsights_skip_tracking":false,"ep_exclude_from_search":false,"footnotes":""},"categories":[3],"tags":[136,821],"class_list":["post-1021451","post","type-post","status-publish","format-standard","has-post-thumbnail","hentry","category-noticias","tag-aaa","tag-camara"],"acf":[],"aioseo_notices":[],"_links":{"self":[{"href":"https:\/\/noticel.com\/en\/wp-json\/wp\/v2\/posts\/1021451","targetHints":{"allow":["GET"]}}],"collection":[{"href":"https:\/\/noticel.com\/en\/wp-json\/wp\/v2\/posts"}],"about":[{"href":"https:\/\/noticel.com\/en\/wp-json\/wp\/v2\/types\/post"}],"author":[{"embeddable":true,"href":"https:\/\/noticel.com\/en\/wp-json\/wp\/v2\/users\/100"}],"replies":[{"embeddable":true,"href":"https:\/\/noticel.com\/en\/wp-json\/wp\/v2\/comments?post=1021451"}],"version-history":[{"count":2,"href":"https:\/\/noticel.com\/en\/wp-json\/wp\/v2\/posts\/1021451\/revisions"}],"predecessor-version":[{"id":1021479,"href":"https:\/\/noticel.com\/en\/wp-json\/wp\/v2\/posts\/1021451\/revisions\/1021479"}],"wp:featuredmedia":[{"embeddable":true,"href":"https:\/\/noticel.com\/en\/wp-json\/wp\/v2\/media\/1021452"}],"wp:attachment":[{"href":"https:\/\/noticel.com\/en\/wp-json\/wp\/v2\/media?parent=1021451"}],"wp:term":[{"taxonomy":"category","embeddable":true,"href":"https:\/\/noticel.com\/en\/wp-json\/wp\/v2\/categories?post=1021451"},{"taxonomy":"post_tag","embeddable":true,"href":"https:\/\/noticel.com\/en\/wp-json\/wp\/v2\/tags?post=1021451"}],"curies":[{"name":"wp","href":"https:\/\/api.w.org\/{rel}","templated":true}]}}