{"id":1021438,"date":"2026-08-31T06:37:13","date_gmt":"2026-08-31T10:37:13","guid":{"rendered":""},"modified":"2026-08-31T07:23:50","modified_gmt":"2026-08-31T11:23:50","slug":"presenta-sus-5-puntos-prioritarios-en-washington-en-regreso-de-sesion-en-el-congreso","status":"publish","type":"post","link":"https:\/\/noticel.com\/en\/noticias\/20260831\/presenta-sus-5-puntos-prioritarios-en-washington-en-regreso-de-sesion-en-el-congreso\/","title":{"rendered":"Presenta sus 5 puntos prioritarios en Washington en regreso de sesi\u00f3n en el Congreso"},"content":{"rendered":"<p><\/p>\n\n\n\n<p>El comisionado residente en Washington, Pablo Jos\u00e9 Hern\u00e1ndez Rivera, present\u00f3 el domingo una agenda de cinco puntos para atender las crisis de agua y energ\u00eda en Puerto Rico, a su regreso a la capital federal luego un mes de trabajo en la isla y el receso de agosto de la C\u00e1mara de Representantes.<\/p>\n\n\n\n<p>\u201cRegreso a Washington con una agenda clara: voy a priorizar lo b\u00e1sico, agua y energ\u00eda,\u201d . \u201cAntes de hablar de desarrollo econ\u00f3mico, de atraer inversi\u00f3n o de decir que Puerto Rico est\u00e1 abierto para hacer negocios, tenemos que priorizar lo b\u00e1sico, \u201cdijo Hern\u00e1ndez Rivera en conferencia de prensa.<\/p>\n\n\n\n<p>&nbsp;Hern\u00e1ndez Rivera indic\u00f3 que solicitar\u00e1 que el Congreso investigue formalmente la controversia del contrato de Power Expectations y exigir\u00e1 respuestas directas del zar de Energ\u00eda Josu\u00e9 Col\u00f3n Ortiz y del presidente del 3PPO Osvaldo Carlo Linares sobre el los pormenores del contrato.<\/p>\n\n\n\n<p>Adem\u00e1s, le dar\u00e1 seguimiento a la inclusi\u00f3n en el Senado de las prioridades de Puerto Rico en el Water Resources Development Act, que incluye hasta 75 millones de d\u00f3lares para proyectos de agua en Puerto Rico y ya fue aprobado en la C\u00e1mara de Representantes.<\/p>\n\n\n\n<p>Tambi\u00e9n, le dar\u00e1 seguimiento a la investigaci\u00f3n de la Oficina de Rendici\u00f3n de Cuentas del Gobierno (GAO) sobre el uso de los miles de millones de d\u00f3lares en fondos federales destinados a los sistemas de agua de Puerto Rico.<\/p>\n\n\n\n<p>Finalmente, continuar\u00e1 el reclamo por una Declaraci\u00f3n de Desastre Mayor y por que se expanda a m\u00e1s municipios la declaraci\u00f3n de emergencia por sequ\u00eda del Departamento de Agricultura federal (USDA).&nbsp;<\/p>","protected":false},"excerpt":{"rendered":"<p>El comisionado residente en Washington, Pablo Jos\u00e9 Hern\u00e1ndez Rivera, present\u00f3 el domingo una agenda de cinco puntos para atender las crisis de agua y energ\u00eda en Puerto Rico, a su regreso a la capital federal luego un mes de trabajo en la isla y el receso de agosto de la C\u00e1mara de Representantes. \u201cRegreso a [&hellip;]<\/p>","protected":false},"author":101,"featured_media":1021439,"comment_status":"open","ping_status":"open","sticky":false,"template":"","format":"standard","meta":{"_acf_changed":false,"_monsterinsights_skip_tracking":false,"ep_exclude_from_search":false,"footnotes":""},"categories":[4,3],"tags":[515,324,516],"class_list":["post-1021438","post","type-post","status-publish","format-standard","has-post-thumbnail","hentry","category-gobierno","category-noticias","tag-congreso","tag-pablo-jose-hernandez","tag-washington"],"acf":[],"aioseo_notices":[],"_links":{"self":[{"href":"https:\/\/noticel.com\/en\/wp-json\/wp\/v2\/posts\/1021438","targetHints":{"allow":["GET"]}}],"collection":[{"href":"https:\/\/noticel.com\/en\/wp-json\/wp\/v2\/posts"}],"about":[{"href":"https:\/\/noticel.com\/en\/wp-json\/wp\/v2\/types\/post"}],"author":[{"embeddable":true,"href":"https:\/\/noticel.com\/en\/wp-json\/wp\/v2\/users\/101"}],"replies":[{"embeddable":true,"href":"https:\/\/noticel.com\/en\/wp-json\/wp\/v2\/comments?post=1021438"}],"version-history":[{"count":2,"href":"https:\/\/noticel.com\/en\/wp-json\/wp\/v2\/posts\/1021438\/revisions"}],"predecessor-version":[{"id":1021481,"href":"https:\/\/noticel.com\/en\/wp-json\/wp\/v2\/posts\/1021438\/revisions\/1021481"}],"wp:featuredmedia":[{"embeddable":true,"href":"https:\/\/noticel.com\/en\/wp-json\/wp\/v2\/media\/1021439"}],"wp:attachment":[{"href":"https:\/\/noticel.com\/en\/wp-json\/wp\/v2\/media?parent=1021438"}],"wp:term":[{"taxonomy":"category","embeddable":true,"href":"https:\/\/noticel.com\/en\/wp-json\/wp\/v2\/categories?post=1021438"},{"taxonomy":"post_tag","embeddable":true,"href":"https:\/\/noticel.com\/en\/wp-json\/wp\/v2\/tags?post=1021438"}],"curies":[{"name":"wp","href":"https:\/\/api.w.org\/{rel}","templated":true}]}}