{"id":1021435,"date":"2026-08-31T06:31:11","date_gmt":"2026-08-31T10:31:11","guid":{"rendered":""},"modified":"2026-08-31T07:12:21","modified_gmt":"2026-08-31T11:12:21","slug":"iran-reporto-ataques-de-estados-unidos-contra-la-isla-de-larak","status":"publish","type":"post","link":"https:\/\/noticel.com\/en\/noticias\/20260831\/iran-reporto-ataques-de-estados-unidos-contra-la-isla-de-larak\/","title":{"rendered":"Ir\u00e1n report\u00f3 ataques de Estados Unidos contra la isla de Larak"},"content":{"rendered":"<p><\/p>\n\n\n\n<p>La Guardia Revolucionaria iran\u00ed report\u00f3 ataques de Estados Unidos durante la madrugada entre este domingo y lunes contra la isla de Larak, seg\u00fan informaron medios locales.<\/p>\n\n\n\n<p>En un comunicado difundido por las agencias iran\u00edes Fars y Tasnim, vinculadas a la Guardia Revolucionaria, un portavoz de este cuerpo de \u00e9lite asegur\u00f3 que esta \u00abagresi\u00f3n terrorista\u00bb ser\u00e1 \u00abcastigada\u00bb.<\/p>\n\n\n\n<p>El mensaje indica que el ataque fue perpetrado con drones y que dej\u00f3 muertos y heridos, sin especificar las cifras.<\/p>\n\n\n\n<p>La isla de Larak se encuentra cerca del estrecho de Ormuz, lugar estrat\u00e9gico para el tr\u00e1nsito de petr\u00f3leo global y escenario de disputa entre Ir\u00e1n y Estados Unidos desde el inicio de la guerra.<\/p>\n\n\n\n<p>En otro comunicado posterior, un portavoz de la Guardia Revolucionaria tach\u00f3 el ataque de \u00aberror estrat\u00e9gico y fatal\u00bb.<\/p><div class=\"notic-content-middle\" id=\"notic-2850987319\"><div class=\"notic-adlabel\">Advertisements<\/div><a data-no-instant=\"1\" href=\"https:\/\/www.asegurate-bien.com\/\" rel=\"noopener\" class=\"a2t-link\" target=\"_blank\" aria-label=\"Acodese-Adaptaciones-Noticel-300&#215;250\"><img loading=\"lazy\" decoding=\"async\" src=\"https:\/\/cdn.noticel.com\/2026\/05\/30094423\/Acodese-Adaptaciones-Noticel-300x250-1.jpg\" alt=\"\"  srcset=\"https:\/\/cdn.noticel.com\/2026\/05\/30094423\/Acodese-Adaptaciones-Noticel-300x250-1.jpg 300w, https:\/\/cdn.noticel.com\/2026\/05\/30094423\/Acodese-Adaptaciones-Noticel-300x250-1-14x12.jpg 14w\" sizes=\"(max-width: 300px) 100vw, 300px\" width=\"300\" height=\"250\"   \/><\/a><\/div>\n\n\n\n<p>La televisi\u00f3n catar\u00ed Al Jazeera hab\u00eda recogido previamente la informaci\u00f3n de un oficial del Ej\u00e9rcito estadounidense que aseguraba que el objetivo de Washington eran dos lanzacohetes iran\u00edes apostados en la isla.<\/p>\n\n\n\n<p>El de hoy es el primer ataque del que se tiene constancia desde finales de julio, cuando los medios informaron de bombardeos contra decenas de objetivos militares de la Guardia Revolucionaria iran\u00ed.<\/p>\n\n\n\n<p>Tras el colapso de las conversaciones para alcanzar la paz y tras expirar el alto el fuego y el plazo de 60 d\u00edas para tratar de lograr una salida negociada al conflicto, Washington anunci\u00f3 un nuevo y severo paquete de sanciones contra Teher\u00e1n, apuntando a que su Administraci\u00f3n iba a optar principalmente por la presi\u00f3n econ\u00f3mica.<\/p>\n\n\n\n<p>Sin embargo, el secretario de Guerra estadounidense, Pete Hegseth, sali\u00f3 despu\u00e9s al paso para aclarar que el Pent\u00e1gono no descartaba seguir llevando a cabo \u00abataques cin\u00e9ticos\u00bb si fuera necesario.<\/p>","protected":false},"excerpt":{"rendered":"<p>La Guardia Revolucionaria iran\u00ed report\u00f3 ataques de Estados Unidos durante la madrugada entre este domingo y lunes contra la isla de Larak, seg\u00fan informaron medios locales. En un comunicado difundido por las agencias iran\u00edes Fars y Tasnim, vinculadas a la Guardia Revolucionaria, un portavoz de este cuerpo de \u00e9lite asegur\u00f3 que esta \u00abagresi\u00f3n terrorista\u00bb ser\u00e1 [&hellip;]<\/p>","protected":false},"author":102,"featured_media":1012712,"comment_status":"open","ping_status":"open","sticky":false,"template":"","format":"standard","meta":{"_acf_changed":false,"_monsterinsights_skip_tracking":false,"ep_exclude_from_search":false,"footnotes":""},"categories":[17,3],"tags":[117,632,6902],"class_list":["post-1021435","post","type-post","status-publish","format-standard","has-post-thumbnail","hentry","category-mundo","category-noticias","tag-estados-unidos","tag-iran","tag-larak"],"acf":[],"aioseo_notices":[],"_links":{"self":[{"href":"https:\/\/noticel.com\/en\/wp-json\/wp\/v2\/posts\/1021435","targetHints":{"allow":["GET"]}}],"collection":[{"href":"https:\/\/noticel.com\/en\/wp-json\/wp\/v2\/posts"}],"about":[{"href":"https:\/\/noticel.com\/en\/wp-json\/wp\/v2\/types\/post"}],"author":[{"embeddable":true,"href":"https:\/\/noticel.com\/en\/wp-json\/wp\/v2\/users\/102"}],"replies":[{"embeddable":true,"href":"https:\/\/noticel.com\/en\/wp-json\/wp\/v2\/comments?post=1021435"}],"version-history":[{"count":1,"href":"https:\/\/noticel.com\/en\/wp-json\/wp\/v2\/posts\/1021435\/revisions"}],"predecessor-version":[{"id":1021437,"href":"https:\/\/noticel.com\/en\/wp-json\/wp\/v2\/posts\/1021435\/revisions\/1021437"}],"wp:featuredmedia":[{"embeddable":true,"href":"https:\/\/noticel.com\/en\/wp-json\/wp\/v2\/media\/1012712"}],"wp:attachment":[{"href":"https:\/\/noticel.com\/en\/wp-json\/wp\/v2\/media?parent=1021435"}],"wp:term":[{"taxonomy":"category","embeddable":true,"href":"https:\/\/noticel.com\/en\/wp-json\/wp\/v2\/categories?post=1021435"},{"taxonomy":"post_tag","embeddable":true,"href":"https:\/\/noticel.com\/en\/wp-json\/wp\/v2\/tags?post=1021435"}],"curies":[{"name":"wp","href":"https:\/\/api.w.org\/{rel}","templated":true}]}}