{"id":1021406,"date":"2026-08-30T13:40:03","date_gmt":"2026-08-30T17:40:03","guid":{"rendered":""},"modified":"2026-08-30T15:41:11","modified_gmt":"2026-08-30T19:41:11","slug":"dolly-trae-alivio-pero-no-llena-los-embalses","status":"publish","type":"post","link":"https:\/\/noticel.com\/en\/noticias\/20260830\/dolly-trae-alivio-pero-no-llena-los-embalses\/","title":{"rendered":"Dolly trae \u00abalivio\u00bb, pero no llena los embalses"},"content":{"rendered":"<p>Puerto Rico recibir\u00e1 entre una y tres pulgadas de lluvia hasta el lunes en la noche a causa de los remanentes de la tormenta Dolly. Esto significar\u00eda un alivio parcial en medio de la sequ\u00eda extrema que afecta a casi la mitad de la Isla, aunque insuficiente para sacar a los embalses del d\u00e9ficit que arrastran desde hace meses, seg\u00fan el meteor\u00f3logo Ernesto Rodr\u00edguez, del Servicio Nacional de Meteorolog\u00eda<\/p>\n\n\n\n<p>\u00abEstamos viviendo un alivio a la sequ\u00eda extrema, especialmente en Culebra, Vieques y los pueblos del este\u00bb, explic\u00f3 el meteor\u00f3logo. A\u00f1adi\u00f3 que algunos pueblos del este podr\u00edan recibir hasta cuatro pulgadas de lluvia.<\/p>\n\n\n\n<p>Seg\u00fan indic\u00f3, las cuencas de La Plata, Carra\u00edzo y otras han registrado acumulaciones de lluvia que fluct\u00faan alrededor de una pulgada. Tambi\u00e9n explic\u00f3 que, al tener los r\u00edos menos agua acumulada, disminuye el riesgo de inundaciones en esos cuerpos, aunque enfatiz\u00f3 que las \u00e1reas urbanas y las quebradas s\u00ed podr\u00edan experimentar inundaciones.<\/p>\n\n\n\n<p>El m\u00e1s reciente Monitor de Sequ\u00eda, con datos v\u00e1lidos al martes, 25 de agosto, muestra que la sequ\u00eda extrema ya domina pr\u00e1cticamente todo el litoral sur y se extiende por amplios sectores del este y noreste, cubriendo un 44.5% de Puerto Rico. En total, un 75.2% del territorio se encuentra bajo alguna categor\u00eda de sequ\u00eda.<\/p>\n\n\n\n<p>Ese panorama ha llevado a los embalses La Plata, Carra\u00edzo y Cidra a entrar en fase de ajustes operacionales en las \u00faltimas semanas. En el caso de Carra\u00edzo, que abastece parte del \u00e1rea metropolitana, el plan de interrupciones programadas contin\u00faa vigente; mientras que en La Plata, la Autoridad de Acueductos y Alcantarillados (AAA) inform\u00f3 que, por ahora, no contempla activar racionamiento.<\/p><div class=\"notic-content-middle\" id=\"notic-1935589183\"><div class=\"notic-adlabel\">Advertisements<\/div><a data-no-instant=\"1\" href=\"https:\/\/www.asegurate-bien.com\/\" rel=\"noopener\" class=\"a2t-link\" target=\"_blank\" aria-label=\"Acodese-Adaptaciones-Noticel-300&#215;600\"><img loading=\"lazy\" decoding=\"async\" src=\"https:\/\/cdn.noticel.com\/2026\/05\/30094652\/Acodese-Adaptaciones-Noticel-300x600-1.jpg\" alt=\"\"  srcset=\"https:\/\/cdn.noticel.com\/2026\/05\/30094652\/Acodese-Adaptaciones-Noticel-300x600-1.jpg 300w, https:\/\/cdn.noticel.com\/2026\/05\/30094652\/Acodese-Adaptaciones-Noticel-300x600-1-150x300.jpg 150w, https:\/\/cdn.noticel.com\/2026\/05\/30094652\/Acodese-Adaptaciones-Noticel-300x600-1-6x12.jpg 6w\" sizes=\"(max-width: 300px) 100vw, 300px\" width=\"300\" height=\"600\"   \/><\/a><\/div>\n\n\n\n<p>Actualmente, el d\u00e9ficit en Carra\u00edzo es de ocho a diez pulgadas, y el meteor\u00f3logo especific\u00f3 que un evento como este representa apenas un alivio parcial ante esa brecha.<\/p>\n\n\n\n<p>El meteor\u00f3logo compar\u00f3 los remanentes de Dolly con la tormenta Erika, ocurrida en el 2015 tras una sequ\u00eda prolongada en la Isla, aunque marc\u00f3 la diferencia de que, en aquel momento, llegaron despu\u00e9s otras vaguadas y frentes fr\u00edos que permitieron terminar con la sequ\u00eda.<\/p>\n\n\n\n<p>\u00abFueron varios eventos durante un per\u00edodo de tres meses que nos ayudaron a salir de la sequ\u00eda en ese momento\u00bb, detall\u00f3.<\/p>\n\n\n\n<p>Rodr\u00edguez explic\u00f3 que se espera que la lluvia termine el lunes en la noche o en la madrugada del martes, cuando la Isla regrese a su patr\u00f3n normal de tiempo, sin que por ahora exista otro sistema en camino que pueda repetir un alivio similar en el corto plazo.<\/p>","protected":false},"excerpt":{"rendered":"<p>Puerto Rico recibir\u00e1 entre una y tres pulgadas de lluvia hasta el lunes en la noche a causa de los remanentes de la tormenta Dolly. Esto significar\u00eda un alivio parcial en medio de la sequ\u00eda extrema que afecta a casi la mitad de la Isla, aunque insuficiente para sacar a los embalses del d\u00e9ficit que [&hellip;]<\/p>","protected":false},"author":4077,"featured_media":1021412,"comment_status":"open","ping_status":"open","sticky":false,"template":"","format":"standard","meta":{"_acf_changed":false,"_monsterinsights_skip_tracking":false,"ep_exclude_from_search":false,"footnotes":""},"categories":[18,3],"tags":[],"class_list":["post-1021406","post","type-post","status-publish","format-standard","has-post-thumbnail","hentry","category-el-tiempo","category-noticias"],"acf":[],"aioseo_notices":[],"_links":{"self":[{"href":"https:\/\/noticel.com\/en\/wp-json\/wp\/v2\/posts\/1021406","targetHints":{"allow":["GET"]}}],"collection":[{"href":"https:\/\/noticel.com\/en\/wp-json\/wp\/v2\/posts"}],"about":[{"href":"https:\/\/noticel.com\/en\/wp-json\/wp\/v2\/types\/post"}],"author":[{"embeddable":true,"href":"https:\/\/noticel.com\/en\/wp-json\/wp\/v2\/users\/4077"}],"replies":[{"embeddable":true,"href":"https:\/\/noticel.com\/en\/wp-json\/wp\/v2\/comments?post=1021406"}],"version-history":[{"count":3,"href":"https:\/\/noticel.com\/en\/wp-json\/wp\/v2\/posts\/1021406\/revisions"}],"predecessor-version":[{"id":1021416,"href":"https:\/\/noticel.com\/en\/wp-json\/wp\/v2\/posts\/1021406\/revisions\/1021416"}],"wp:featuredmedia":[{"embeddable":true,"href":"https:\/\/noticel.com\/en\/wp-json\/wp\/v2\/media\/1021412"}],"wp:attachment":[{"href":"https:\/\/noticel.com\/en\/wp-json\/wp\/v2\/media?parent=1021406"}],"wp:term":[{"taxonomy":"category","embeddable":true,"href":"https:\/\/noticel.com\/en\/wp-json\/wp\/v2\/categories?post=1021406"},{"taxonomy":"post_tag","embeddable":true,"href":"https:\/\/noticel.com\/en\/wp-json\/wp\/v2\/tags?post=1021406"}],"curies":[{"name":"wp","href":"https:\/\/api.w.org\/{rel}","templated":true}]}}