{"id":1021401,"date":"2026-08-30T12:59:32","date_gmt":"2026-08-30T16:59:32","guid":{"rendered":""},"modified":"2026-08-30T13:12:53","modified_gmt":"2026-08-30T17:12:53","slug":"sujetos-amordazan-a-mujer-y-le-roban-prendas-dinero-y-el-carro-en-fajardo","status":"publish","type":"post","link":"https:\/\/noticel.com\/en\/uncategorized\/20260830\/sujetos-amordazan-a-mujer-y-le-roban-prendas-dinero-y-el-carro-en-fajardo\/","title":{"rendered":"Sujetos amordazan a mujer y le roban prendas, dinero y el carro en Fajardo"},"content":{"rendered":"<p>Las autoridades investigan un robo domiciliario ocurrido a eso de las 3:07 a.m. del s\u00e1bado, en una residencia en la carretera PR-3, kil\u00f3metro 50.1, barrio Quebrada Vueltas, en Fajardo.<\/p>\n\n\n\n<p>Seg\u00fan el reporte de la Polic\u00eda, la querellante manifest\u00f3 que llegaba a su residencia y, al momento de salir de su veh\u00edculo Mercedes-Benz,  observ\u00f3 a dos individuos encapuchados que se aproximaban corriendo con armas de fuego. Los sujetos la obligaron a entrar a la residencia, donde fue amordazada y despojada de 24 relojes de dise\u00f1ador, un brazalete de oro valorado en 9,500 d\u00f3lares, una cantidad indeterminada de dinero en efectivo y varios cheques.<\/p><div class=\"notic-content-middle\" id=\"notic-699405108\"><div class=\"notic-adlabel\">Advertisements<\/div><a data-no-instant=\"1\" href=\"https:\/\/qrco.de\/bgxd5v\" rel=\"noopener\" class=\"a2t-link\" target=\"_blank\" aria-label=\"DisplayAds-970&#215;250\"><img loading=\"lazy\" decoding=\"async\" src=\"https:\/\/cdn.noticel.com\/2026\/08\/11180314\/DisplayAds-970x250-1.jpg\" alt=\"\"  srcset=\"https:\/\/cdn.noticel.com\/2026\/08\/11180314\/DisplayAds-970x250-1.jpg 970w, https:\/\/cdn.noticel.com\/2026\/08\/11180314\/DisplayAds-970x250-1-300x77.jpg 300w, https:\/\/cdn.noticel.com\/2026\/08\/11180314\/DisplayAds-970x250-1-768x198.jpg 768w, https:\/\/cdn.noticel.com\/2026\/08\/11180314\/DisplayAds-970x250-1-18x5.jpg 18w\" sizes=\"(max-width: 970px) 100vw, 970px\" width=\"970\" height=\"250\"   \/><\/a><\/div>\n\n\n\n<p>Posteriormente, los asaltantes abandonaron el lugar a bordo del veh\u00edculo de la v\u00edctima. El veh\u00edculo hurtado fue recuperado en un terreno bald\u00edo en la carretera PR-982 de Ceiba.<\/p>\n\n\n\n<p>El agente Jos\u00e9 V\u00e9lez Burgos, adscrito al Cuerpo de Investigaci\u00f3n Criminal de Fajardo, investiga.<\/p>","protected":false},"excerpt":{"rendered":"<p>Las autoridades investigan un robo domiciliario ocurrido a eso de las 3:07 a.m. del s\u00e1bado, en una residencia en la carretera PR-3, kil\u00f3metro 50.1, barrio Quebrada Vueltas, en Fajardo. Seg\u00fan el reporte de la Polic\u00eda, la querellante manifest\u00f3 que llegaba a su residencia y, al momento de salir de su veh\u00edculo Mercedes-Benz, observ\u00f3 a dos [&hellip;]<\/p>","protected":false},"author":101,"featured_media":1021402,"comment_status":"open","ping_status":"open","sticky":false,"template":"","format":"standard","meta":{"_acf_changed":false,"_monsterinsights_skip_tracking":false,"ep_exclude_from_search":false,"footnotes":""},"categories":[1],"tags":[],"class_list":["post-1021401","post","type-post","status-publish","format-standard","has-post-thumbnail","hentry","category-uncategorized"],"acf":[],"aioseo_notices":[],"_links":{"self":[{"href":"https:\/\/noticel.com\/en\/wp-json\/wp\/v2\/posts\/1021401","targetHints":{"allow":["GET"]}}],"collection":[{"href":"https:\/\/noticel.com\/en\/wp-json\/wp\/v2\/posts"}],"about":[{"href":"https:\/\/noticel.com\/en\/wp-json\/wp\/v2\/types\/post"}],"author":[{"embeddable":true,"href":"https:\/\/noticel.com\/en\/wp-json\/wp\/v2\/users\/101"}],"replies":[{"embeddable":true,"href":"https:\/\/noticel.com\/en\/wp-json\/wp\/v2\/comments?post=1021401"}],"version-history":[{"count":1,"href":"https:\/\/noticel.com\/en\/wp-json\/wp\/v2\/posts\/1021401\/revisions"}],"predecessor-version":[{"id":1021403,"href":"https:\/\/noticel.com\/en\/wp-json\/wp\/v2\/posts\/1021401\/revisions\/1021403"}],"wp:featuredmedia":[{"embeddable":true,"href":"https:\/\/noticel.com\/en\/wp-json\/wp\/v2\/media\/1021402"}],"wp:attachment":[{"href":"https:\/\/noticel.com\/en\/wp-json\/wp\/v2\/media?parent=1021401"}],"wp:term":[{"taxonomy":"category","embeddable":true,"href":"https:\/\/noticel.com\/en\/wp-json\/wp\/v2\/categories?post=1021401"},{"taxonomy":"post_tag","embeddable":true,"href":"https:\/\/noticel.com\/en\/wp-json\/wp\/v2\/tags?post=1021401"}],"curies":[{"name":"wp","href":"https:\/\/api.w.org\/{rel}","templated":true}]}}