{"id":1021390,"date":"2026-08-30T09:55:12","date_gmt":"2026-08-30T13:55:12","guid":{"rendered":""},"modified":"2026-08-30T10:00:23","modified_gmt":"2026-08-30T14:00:23","slug":"gobierno-anuncia-la-expansion-de-operaciones-de-pentaq-manufacturing-en-sabana-grande","status":"publish","type":"post","link":"https:\/\/noticel.com\/en\/noticias\/20260830\/gobierno-anuncia-la-expansion-de-operaciones-de-pentaq-manufacturing-en-sabana-grande\/","title":{"rendered":"Gobierno anuncia la expansi\u00f3n de operaciones de Pentaq Manufacturing en Sabana Grande"},"content":{"rendered":"<p><\/p>\n\n\n\n<p>La gobernadora Jenniffer Gonz\u00e1lez Col\u00f3n anunci\u00f3 la expansi\u00f3n de operaciones dePentaq Manufacturing Corp. con la entrega de una nueva propiedad industrial para apoyar de sus operaciones de manufactura en Sabana Grande.<\/p>\n\n\n\n<p>El director ejecutivo de la Compa\u00f1\u00eda de Fomento Industrial de Puerto Rico (PRIDCO), Roberto Lefranc, indic\u00f3 que la instalaci\u00f3n, de 5,785 pies cuadrados y ubicada en el barrio Rayo Guaras, se suma a otras propiedades que la empresa mantiene con PRIDCO en el municipio. Pentaq es inquilino de la PRIDCO desde abril de 2004 y se dedica a la manufactura de productos textiles, incluyendo uniformes personales y militares y accesorios relacionados.<\/p>\n\n\n\n<p>\u201cEsta expansi\u00f3n de Pentaq representa 50 nuevos empleos y demuestra el potencial de nuestra infraestructura para apoyar empresas puertorrique\u00f1as que siguen creciendo y participando en industrias altamente especializadas\u201d, expres\u00f3 la gobernadora.<\/p>\n\n\n\n<p>\u201cEsta empresa lleva m\u00e1s de 20 a\u00f1os con nosotros, apostando a Puerto Rico, generando capital en la zona y demostrando que nuestros espacios industriales son ideales para que m\u00e1s empresas puedan continuar invirtiendo, produciendo y generando empleos desde aqu\u00ed\u201d, indic\u00f3 el director ejecutivo de PRIDCO.<\/p>\n\n\n\n<p>La expansi\u00f3n a esta propiedad estar\u00e1 vinculada a la manufactura de rodilleras, coderas y pantalones cortos utilizados como parte de los uniformes de entrenamiento f\u00edsico del Ej\u00e9rcito de los Estados Unidos. La entrega coincide con el crecimiento de Pentaq en este mercado, luego de que recientemente obtuviera un contrato federal por m\u00e1s de $41 millones, con una vigencia de cinco a\u00f1os, para producir piezas de uniformes de combate destinadas al Ej\u00e9rcito, la Fuerza A\u00e9rea y la Fuerza Espacial.<\/p>\n\n\n\n<p>Por su parte, el presidente de Pentaq, Oscar Quiles, expres\u00f3 que \u201cagradecemos a PRIDCO, en especial a su director ejecutivo, Roberto Lefranc, y a su equipo, por su visita y respaldo. Asimismo, reconocemos el apoyo del Departamento de Defensa, la U.S. Small Business Administration (SBA), el SBTDC y las agencias gubernamentales de Puerto Rico que contin\u00faan impulsando nuestra industria textil puertorrique\u00f1a; una industria que representa una importante fuente de empleos estables y demuestra la capacidad de nuestra gente para producir con excelencia, fortalecer nuestra econom\u00eda y competir al m\u00e1s alto nivel\u201d.<\/p>\n\n\n\n<p>Adem\u00e1s, el presidente de esta Corporaci\u00f3n tambi\u00e9n manifest\u00f3 sentirse orgulloso de su equipo de trabajo, \u201ccuya dedicaci\u00f3n, esfuerzo y compromiso han permitido posicionar a Pentaq como una empresa s\u00f3lida dentro de la industria manufacturera de Puerto Rico. Con gran orgullo apoyamos al Departamento de Defensa de los Estados Unidos mediante la confecci\u00f3n de uniformes de primera calidad para los hombres y mujeres que sirven a nuestra Naci\u00f3n\u201d, a\u00f1adi\u00f3.<\/p>\n\n\n\n<p>Se inform\u00f3, igualmente, que la propiedad que ahora ocupar\u00e1 Pentaq qued\u00f3 disponible el pasado 1 de junio y permaneci\u00f3 vacante durante aproximadamente tres meses antes de este nuevo contrato de expansi\u00f3n. \u201cComo parte del acuerdo, PRIDCO otorg\u00f3 $19,521 en cr\u00e9ditos de renta para trabajos civiles y el\u00e9ctricos. Adem\u00e1s, la instalaci\u00f3n cuenta con m\u00e1s de $405,000 en fondos de FEMA asignados para trabajos futuros\u201d, finaliz\u00f3 Roberto Lefranc.<\/p>\n\n\n\n<p>PRIDCO administra m\u00e1s de 1,400 propiedades y sobre 21 millones de pies cuadrados de espacio industrial alrededor de Puerto Rico, infraestructura destinada a facilitar el establecimiento, permanencia y expansi\u00f3n de empresas en sectores estrat\u00e9gicos para la econom\u00eda.<\/p>","protected":false},"excerpt":{"rendered":"<p>La gobernadora Jenniffer Gonz\u00e1lez Col\u00f3n anunci\u00f3 la expansi\u00f3n de operaciones dePentaq Manufacturing Corp. con la entrega de una nueva propiedad industrial para apoyar de sus operaciones de manufactura en Sabana Grande. El director ejecutivo de la Compa\u00f1\u00eda de Fomento Industrial de Puerto Rico (PRIDCO), Roberto Lefranc, indic\u00f3 que la instalaci\u00f3n, de 5,785 pies cuadrados y [&hellip;]<\/p>","protected":false},"author":100,"featured_media":1021391,"comment_status":"open","ping_status":"open","sticky":false,"template":"","format":"standard","meta":{"_acf_changed":false,"_monsterinsights_skip_tracking":false,"ep_exclude_from_search":false,"footnotes":""},"categories":[4,3],"tags":[1660,894],"class_list":["post-1021390","post","type-post","status-publish","format-standard","has-post-thumbnail","hentry","category-gobierno","category-noticias","tag-manufactura","tag-sabana-grande"],"acf":[],"aioseo_notices":[],"_links":{"self":[{"href":"https:\/\/noticel.com\/en\/wp-json\/wp\/v2\/posts\/1021390","targetHints":{"allow":["GET"]}}],"collection":[{"href":"https:\/\/noticel.com\/en\/wp-json\/wp\/v2\/posts"}],"about":[{"href":"https:\/\/noticel.com\/en\/wp-json\/wp\/v2\/types\/post"}],"author":[{"embeddable":true,"href":"https:\/\/noticel.com\/en\/wp-json\/wp\/v2\/users\/100"}],"replies":[{"embeddable":true,"href":"https:\/\/noticel.com\/en\/wp-json\/wp\/v2\/comments?post=1021390"}],"version-history":[{"count":2,"href":"https:\/\/noticel.com\/en\/wp-json\/wp\/v2\/posts\/1021390\/revisions"}],"predecessor-version":[{"id":1021393,"href":"https:\/\/noticel.com\/en\/wp-json\/wp\/v2\/posts\/1021390\/revisions\/1021393"}],"wp:featuredmedia":[{"embeddable":true,"href":"https:\/\/noticel.com\/en\/wp-json\/wp\/v2\/media\/1021391"}],"wp:attachment":[{"href":"https:\/\/noticel.com\/en\/wp-json\/wp\/v2\/media?parent=1021390"}],"wp:term":[{"taxonomy":"category","embeddable":true,"href":"https:\/\/noticel.com\/en\/wp-json\/wp\/v2\/categories?post=1021390"},{"taxonomy":"post_tag","embeddable":true,"href":"https:\/\/noticel.com\/en\/wp-json\/wp\/v2\/tags?post=1021390"}],"curies":[{"name":"wp","href":"https:\/\/api.w.org\/{rel}","templated":true}]}}