{"id":1021388,"date":"2026-08-30T09:47:18","date_gmt":"2026-08-30T13:47:18","guid":{"rendered":""},"modified":"2026-08-30T09:51:07","modified_gmt":"2026-08-30T13:51:07","slug":"asesinan-a-hombre-mientras-conducia-por-el-expreso-baldorioty-de-castro","status":"publish","type":"post","link":"https:\/\/noticel.com\/en\/noticias\/20260830\/asesinan-a-hombre-mientras-conducia-por-el-expreso-baldorioty-de-castro\/","title":{"rendered":"Asesinan a hombre mientras conduc\u00eda por el expreso Baldorioty de Castro"},"content":{"rendered":"<p><\/p>\n\n\n\n<p>Una muerte violenta fue reportada a eso de las 3:03 de la madrugada del domingo, en expreso Baldorioty de Castro, cerca del \u00e1rea del Conector, en Carolina.<\/p>\n\n\n\n<p>Seg\u00fan la informaci\u00f3n preliminar una llamada a trav\u00e9s del Sistema de Emergencias 9-1-1 alert\u00f3 a la polic\u00eda sobre disparos en el lugar. Al llegar los agentes a la escena, encontraron en el interior de un veh\u00edculo el cad\u00e1ver de un hombre con m\u00faltiples heridas de bala.<\/p><div class=\"notic-content-middle\" id=\"notic-1334982613\"><div class=\"notic-adlabel\">Advertisements<\/div><a data-no-instant=\"1\" href=\"https:\/\/www.asegurate-bien.com\/\" rel=\"noopener\" class=\"a2t-link\" target=\"_blank\" aria-label=\"Acodese-Adaptaciones-Noticel-970&#215;250\"><img loading=\"lazy\" decoding=\"async\" src=\"https:\/\/cdn.noticel.com\/2026\/05\/30100504\/Acodese-Adaptaciones-Noticel-970x250-1.jpg\" alt=\"\"  srcset=\"https:\/\/cdn.noticel.com\/2026\/05\/30100504\/Acodese-Adaptaciones-Noticel-970x250-1.jpg 970w, https:\/\/cdn.noticel.com\/2026\/05\/30100504\/Acodese-Adaptaciones-Noticel-970x250-1-300x77.jpg 300w, https:\/\/cdn.noticel.com\/2026\/05\/30100504\/Acodese-Adaptaciones-Noticel-970x250-1-768x198.jpg 768w, https:\/\/cdn.noticel.com\/2026\/05\/30100504\/Acodese-Adaptaciones-Noticel-970x250-1-18x5.jpg 18w\" sizes=\"(max-width: 970px) 100vw, 970px\" width=\"970\" height=\"250\"   \/><\/a><\/div>\n\n\n\n<p>La v\u00eda en direcci\u00f3n de San Juan a Carolina se encuentra cerrada. Se recomienda a los conductores utilizar v\u00edas alternas.<\/p>\n\n\n\n<p>Personal adscrito a la Divisi\u00f3n de Homicidios del Cuerpo de Investigaciones Criminales de Carolina investigan.<\/p>","protected":false},"excerpt":{"rendered":"<p>Una muerte violenta fue reportada a eso de las 3:03 de la madrugada del domingo, en expreso Baldorioty de Castro, cerca del \u00e1rea del Conector, en Carolina. Seg\u00fan la informaci\u00f3n preliminar una llamada a trav\u00e9s del Sistema de Emergencias 9-1-1 alert\u00f3 a la polic\u00eda sobre disparos en el lugar. Al llegar los agentes a la [&hellip;]<\/p>","protected":false},"author":101,"featured_media":1004789,"comment_status":"open","ping_status":"open","sticky":false,"template":"","format":"standard","meta":{"_acf_changed":false,"_monsterinsights_skip_tracking":false,"ep_exclude_from_search":false,"footnotes":""},"categories":[3,15],"tags":[142,216],"class_list":["post-1021388","post","type-post","status-publish","format-standard","has-post-thumbnail","hentry","category-noticias","category-policiacas","tag-asesinato","tag-policiacas"],"acf":[],"aioseo_notices":[],"_links":{"self":[{"href":"https:\/\/noticel.com\/en\/wp-json\/wp\/v2\/posts\/1021388","targetHints":{"allow":["GET"]}}],"collection":[{"href":"https:\/\/noticel.com\/en\/wp-json\/wp\/v2\/posts"}],"about":[{"href":"https:\/\/noticel.com\/en\/wp-json\/wp\/v2\/types\/post"}],"author":[{"embeddable":true,"href":"https:\/\/noticel.com\/en\/wp-json\/wp\/v2\/users\/101"}],"replies":[{"embeddable":true,"href":"https:\/\/noticel.com\/en\/wp-json\/wp\/v2\/comments?post=1021388"}],"version-history":[{"count":1,"href":"https:\/\/noticel.com\/en\/wp-json\/wp\/v2\/posts\/1021388\/revisions"}],"predecessor-version":[{"id":1021389,"href":"https:\/\/noticel.com\/en\/wp-json\/wp\/v2\/posts\/1021388\/revisions\/1021389"}],"wp:featuredmedia":[{"embeddable":true,"href":"https:\/\/noticel.com\/en\/wp-json\/wp\/v2\/media\/1004789"}],"wp:attachment":[{"href":"https:\/\/noticel.com\/en\/wp-json\/wp\/v2\/media?parent=1021388"}],"wp:term":[{"taxonomy":"category","embeddable":true,"href":"https:\/\/noticel.com\/en\/wp-json\/wp\/v2\/categories?post=1021388"},{"taxonomy":"post_tag","embeddable":true,"href":"https:\/\/noticel.com\/en\/wp-json\/wp\/v2\/tags?post=1021388"}],"curies":[{"name":"wp","href":"https:\/\/api.w.org\/{rel}","templated":true}]}}