{"id":1021333,"date":"2026-08-29T16:52:38","date_gmt":"2026-08-29T20:52:38","guid":{"rendered":""},"modified":"2026-08-29T17:39:51","modified_gmt":"2026-08-29T21:39:51","slug":"fallece-el-expelotero-e-instructor-kenny-marrero","status":"publish","type":"post","link":"https:\/\/noticel.com\/en\/deportes\/20260829\/fallece-el-expelotero-e-instructor-kenny-marrero\/","title":{"rendered":"Fallece el expelotero e instructor Kenny Marrero"},"content":{"rendered":"<p>El expelotero de Grandes Ligas e instructor de b\u00e9isbol Kenneth \u201cKenny\u201d Marrero falleci\u00f3 hoy confirm\u00f3 el equipo de los Senadores de San Juan, del b\u00e9isbol profesional.<\/p>\n\n\n\n<p>Marrero, quien era instructor en la Puerto Rico Baseball Academy and High School, al parecer tuvo un percance de salud al concluir una cl\u00ednica dirigida a ni\u00f1os y j\u00f3venes.<\/p>\n\n\n\n<p>\u201cLos Senadores de San Juan se unen a la profunda pena que embarga al b\u00e9isbol puertorrique\u00f1o tras el fallecimiento de Kenny Marrero, pilar de los Senadores de Dorado. Kenny fue miembro del hist\u00f3rico Dream Team de 1995 y lanzador profesional en organizaciones de MLB. Tras su retiro como jugador, dedic\u00f3 su vida a transmitir sus conocimientos, experiencias y amor por el deporte a nuevas generaciones. Su compromiso con el b\u00e9isbol y su entrega dejan una huella imborrable\u201d, public\u00f3 el equipo.<\/p>\n\n\n\n<p>\u201cHoy nos dijiste adi\u00f3s tras culminar una cl\u00ednica dedicada a tus ni\u00f1os y j\u00f3venes, desde el lugar donde m\u00e1s te gustaba estar: el parque de b\u00e9isbol. One Alliance y los Senadores de San Juan nos unimos al dolor de su familia, sus seres queridos y toda la familia de los Senadores de Dorado\u201d, agreg\u00f3.<\/p>\n\n\n\n<p>De acuerdo con el website baseballreference.com en 1989 fue drafteado por los Reales de Kansas City como receptor y luego en 1991 por los Tigres de Detroit, pero en 1994 se transform\u00f3 en lanzador. Tambi\u00e9n perteneci\u00f3 a los Diamondbacks de Arizona y luego jug\u00f3 con varios equipos en la liga de Taiw\u00e1n.<\/p><div class=\"notic-content-middle\" id=\"notic-1045376276\"><div class=\"notic-adlabel\">Advertisements<\/div><a data-no-instant=\"1\" href=\"https:\/\/www.asegurate-bien.com\/\" rel=\"noopener\" class=\"a2t-link\" target=\"_blank\" aria-label=\"Acodese-Adaptaciones-Noticel-970&#215;90\"><img loading=\"lazy\" decoding=\"async\" src=\"https:\/\/cdn.noticel.com\/2026\/07\/30100146\/Acodese-Adaptaciones-Noticel-970x90-1.jpg\" alt=\"\"  srcset=\"https:\/\/cdn.noticel.com\/2026\/07\/30100146\/Acodese-Adaptaciones-Noticel-970x90-1.jpg 970w, https:\/\/cdn.noticel.com\/2026\/07\/30100146\/Acodese-Adaptaciones-Noticel-970x90-1-300x28.jpg 300w, https:\/\/cdn.noticel.com\/2026\/07\/30100146\/Acodese-Adaptaciones-Noticel-970x90-1-768x71.jpg 768w, https:\/\/cdn.noticel.com\/2026\/07\/30100146\/Acodese-Adaptaciones-Noticel-970x90-1-18x2.jpg 18w\" sizes=\"(max-width: 970px) 100vw, 970px\" width=\"970\" height=\"90\"   \/><\/a><\/div>\n\n\n\n<p>En la Liga de B\u00e9isbol Profesional de Puerto Rico jug\u00f3 con los Cangrejeros de Santurce.<\/p>\n\n\n\n<p>Actualmente, tambi\u00e9n era dirigente de los Artilleros de Maguayo en el B\u00e9isbol Clase A.<\/p>\n\n\n\n<p>La Puerto Rico Baseball Academy and High School tambi\u00e9n lament\u00f3 el fallecimiento en sus redes. <\/p>\n\n\n\n<p>\u00abEs un momento de inmensa tristeza para todos los que tuvimos la bendici\u00f3n de conocerlo, compartir con \u00e9l y tenerlo como parte de nuestra familia de la Puerto Rico Baseball Academy and High School. Luego de culminar su carrera como pelotero profesional, Kenny dedic\u00f3 23 a\u00f1os de su vida a nuestra Academia, dejando una huella imborrable en nuestra instituci\u00f3n e impactando la vida de cientos de estudiantes atletas. Su compromiso con el desarrollo de nuestros j\u00f3venes trascendi\u00f3 nuestras facilidades, dedicando tambi\u00e9n su tiempo, experiencia y pasi\u00f3n por el b\u00e9isbol a los equipos juveniles de su querido pueblo de Dorado\u00bb, dice la publicaci\u00f3n de la escuela.<\/p>\n\n\n\n<p>\u00abDescansa en paz, Kenny. Gracias por tantos a\u00f1os de entrega, compromiso y por tantas vidas impactadas\u00bb, se agreg\u00f3.<\/p>","protected":false},"excerpt":{"rendered":"<p>El expelotero de Grandes Ligas e instructor de b\u00e9isbol Kenneth \u201cKenny\u201d Marrero falleci\u00f3 hoy confirm\u00f3 el equipo de los Senadores de San Juan, del b\u00e9isbol profesional. Marrero, quien era instructor en la Puerto Rico Baseball Academy and High School, al parecer tuvo un percance de salud al concluir una cl\u00ednica dirigida a ni\u00f1os y j\u00f3venes. [&hellip;]<\/p>","protected":false},"author":100,"featured_media":1021337,"comment_status":"open","ping_status":"open","sticky":false,"template":"","format":"standard","meta":{"_acf_changed":false,"_monsterinsights_skip_tracking":false,"ep_exclude_from_search":false,"footnotes":""},"categories":[32,31],"tags":[6900,786],"class_list":["post-1021333","post","type-post","status-publish","format-standard","has-post-thumbnail","hentry","category-beisbol","category-deportes","tag-entrenador","tag-muerte"],"acf":[],"aioseo_notices":[],"_links":{"self":[{"href":"https:\/\/noticel.com\/en\/wp-json\/wp\/v2\/posts\/1021333","targetHints":{"allow":["GET"]}}],"collection":[{"href":"https:\/\/noticel.com\/en\/wp-json\/wp\/v2\/posts"}],"about":[{"href":"https:\/\/noticel.com\/en\/wp-json\/wp\/v2\/types\/post"}],"author":[{"embeddable":true,"href":"https:\/\/noticel.com\/en\/wp-json\/wp\/v2\/users\/100"}],"replies":[{"embeddable":true,"href":"https:\/\/noticel.com\/en\/wp-json\/wp\/v2\/comments?post=1021333"}],"version-history":[{"count":2,"href":"https:\/\/noticel.com\/en\/wp-json\/wp\/v2\/posts\/1021333\/revisions"}],"predecessor-version":[{"id":1021339,"href":"https:\/\/noticel.com\/en\/wp-json\/wp\/v2\/posts\/1021333\/revisions\/1021339"}],"wp:featuredmedia":[{"embeddable":true,"href":"https:\/\/noticel.com\/en\/wp-json\/wp\/v2\/media\/1021337"}],"wp:attachment":[{"href":"https:\/\/noticel.com\/en\/wp-json\/wp\/v2\/media?parent=1021333"}],"wp:term":[{"taxonomy":"category","embeddable":true,"href":"https:\/\/noticel.com\/en\/wp-json\/wp\/v2\/categories?post=1021333"},{"taxonomy":"post_tag","embeddable":true,"href":"https:\/\/noticel.com\/en\/wp-json\/wp\/v2\/tags?post=1021333"}],"curies":[{"name":"wp","href":"https:\/\/api.w.org\/{rel}","templated":true}]}}