{"id":1021329,"date":"2026-08-29T16:39:50","date_gmt":"2026-08-29T20:39:50","guid":{"rendered":""},"modified":"2026-08-29T16:51:05","modified_gmt":"2026-08-29T20:51:05","slug":"auditoria-revela-deficiencias-en-la-gestion-del-drna-ante-la-erosion-costera","status":"publish","type":"post","link":"https:\/\/noticel.com\/en\/noticias\/20260829\/auditoria-revela-deficiencias-en-la-gestion-del-drna-ante-la-erosion-costera\/","title":{"rendered":"Auditor\u00eda revela deficiencias en la gesti\u00f3n del DRNA ante la erosi\u00f3n costera"},"content":{"rendered":"<p>Una auditor\u00eda de la Oficina de la Contralora concluy\u00f3 que el Departamento de Recursos Naturales y Ambientales (DRNA) no fue efectivo al incorporar a los municipios y las comunidades vulnerables en la planificaci\u00f3n y toma de decisiones para atender la erosi\u00f3n costera.<\/p>\n\n\n\n<p>El examen evalu\u00f3 la capacidad de la agencia para prevenir, mitigar y adaptarse a un problema que contin\u00faa da\u00f1ando comunidades, infraestructura p\u00fablica y recursos naturales en las costas de Puerto Rico.<\/p>\n\n\n\n<p>El informe cubri\u00f3 el periodo del 1 de julio de 2021 al 30 de junio de 2025.<\/p>\n\n\n\n<p>Solo una parte de los municipios costeros respondi\u00f3 las encuestas enviadas por el DRNA. Entre aquellos que participaron, los auditores identificaron falta de gu\u00edas, ausencia de protocolos uniformes y dificultades para establecer estructuras organizacionales dedicadas al problema.<\/p>\n\n\n\n<p>Organizaciones comunitarias y sin fines de lucro tambi\u00e9n informaron carencias de adiestramientos, poca atenci\u00f3n a emergencias y escasa comunicaci\u00f3n por parte de la agencia, condiciones que limitan su capacidad de preparaci\u00f3n y respuesta.<\/p>\n\n\n\n<p>Otro hallazgo se\u00f1ala que el DRNA no complet\u00f3 a tiempo el inventario de propiedades deshabitadas y estructuras abandonadas o en ruinas ubicadas en la zona costera, seg\u00fan exige la Orden Ejecutiva OE-2023-009. Sin esa informaci\u00f3n, sostuvo la Oficina del Contralor, el Gobierno carece de datos necesarios para tomar decisiones sobre mitigaci\u00f3n y planificaci\u00f3n territorial.<\/p>\n\n\n\n<p>Tambi\u00e9n se encontraron deficiencias en el uso de los fondos asignados mediante la orden ejecutiva. Varios municipios no hab\u00edan terminado los trabajos financiados y, en algunos casos, el dinero fue reprogramado para usos distintos al prop\u00f3sito original.<\/p><div class=\"notic-content-middle\" id=\"notic-1966700091\"><div class=\"notic-adlabel\">Advertisements<\/div><a data-no-instant=\"1\" href=\"http:\/\/jackpotdelencantopr.com\" rel=\"noopener\" class=\"a2t-link\" target=\"_blank\" aria-label=\"JP-Monopoly-Launch-Noticel-728&#215;90\"><img loading=\"lazy\" decoding=\"async\" src=\"https:\/\/cdn.noticel.com\/2026\/07\/15123521\/JP-Monopoly-Launch-Noticel-728x90-1.jpg\" alt=\"\"  srcset=\"https:\/\/cdn.noticel.com\/2026\/07\/15123521\/JP-Monopoly-Launch-Noticel-728x90-1.jpg 728w, https:\/\/cdn.noticel.com\/2026\/07\/15123521\/JP-Monopoly-Launch-Noticel-728x90-1-300x37.jpg 300w, https:\/\/cdn.noticel.com\/2026\/07\/15123521\/JP-Monopoly-Launch-Noticel-728x90-1-18x2.jpg 18w\" sizes=\"(max-width: 728px) 100vw, 728px\" width=\"728\" height=\"90\"   \/><\/a><\/div>\n\n\n\n<p>En el Programa de Manejo de la Zona Costanera, los auditores identificaron incumplimientos con metas y objetivos de los planes Assessment and Strategies correspondientes a los periodos de 2016 a 2020 y de 2023 a 2025.<\/p>\n\n\n\n<p>Aunque algunas metas fueron alcanzadas, quedaron pendientes iniciativas relacionadas con talleres, divulgaci\u00f3n, creaci\u00f3n de comit\u00e9s y procesos de consulta. Seg\u00fan el informe, esos atrasos han limitado el desarrollo de estrategias integrales de restauraci\u00f3n y resiliencia costera.<\/p>\n\n\n\n<p>Por falta de conocimiento sobre convocatorias, la agencia perdi\u00f3 adem\u00e1s oportunidades de solicitar fondos federales destinados a proyectos de resiliencia clim\u00e1tica.<\/p>\n\n\n\n<p>A ese escenario se suman las vacantes en el Comit\u00e9 de Expertos y Asesores sobre Cambio Clim\u00e1tico, que han limitado sus operaciones e impedido cumplir su funci\u00f3n de evaluar y apoyar la aprobaci\u00f3n del Plan de Mitigaci\u00f3n, Adaptaci\u00f3n y Resiliencia al Cambio Clim\u00e1tico.<\/p>\n\n\n\n<p>Remitido a la Asamblea Legislativa en abril de 2024, el plan permanece sin acci\u00f3n legislativa y todav\u00eda no ha sido enviado a la consideraci\u00f3n de la gobernadora. Esa demora prolonga la ausencia de un marco formal para atender las necesidades de mitigaci\u00f3n y adaptaci\u00f3n ante los efectos del cambio clim\u00e1tico, se\u00f1al\u00f3 la auditor\u00eda.<\/p>\n\n\n\n<p>La contralora, Carmen Vega Fournier, exhort\u00f3 al Gobierno y al DRNA a completar los tr\u00e1mites pendientes, fortalecer la coordinaci\u00f3n con los municipios costeros y mejorar el manejo de los fondos y la informaci\u00f3n relacionada con la erosi\u00f3n.<\/p>\n\n\n\n<p><\/p>","protected":false},"excerpt":{"rendered":"<p>Una auditor\u00eda de la Oficina de la Contralora concluy\u00f3 que el Departamento de Recursos Naturales y Ambientales (DRNA) no fue efectivo al incorporar a los municipios y las comunidades vulnerables en la planificaci\u00f3n y toma de decisiones para atender la erosi\u00f3n costera. El examen evalu\u00f3 la capacidad de la agencia para prevenir, mitigar y adaptarse [&hellip;]<\/p>","protected":false},"author":101,"featured_media":1021331,"comment_status":"open","ping_status":"open","sticky":false,"template":"","format":"standard","meta":{"_acf_changed":false,"_monsterinsights_skip_tracking":false,"ep_exclude_from_search":false,"footnotes":""},"categories":[4,3],"tags":[5403,1152,175,1837],"class_list":["post-1021329","post","type-post","status-publish","format-standard","has-post-thumbnail","hentry","category-gobierno","category-noticias","tag-auditoria","tag-contralora","tag-drna","tag-erosion-costera"],"acf":[],"aioseo_notices":[],"_links":{"self":[{"href":"https:\/\/noticel.com\/en\/wp-json\/wp\/v2\/posts\/1021329","targetHints":{"allow":["GET"]}}],"collection":[{"href":"https:\/\/noticel.com\/en\/wp-json\/wp\/v2\/posts"}],"about":[{"href":"https:\/\/noticel.com\/en\/wp-json\/wp\/v2\/types\/post"}],"author":[{"embeddable":true,"href":"https:\/\/noticel.com\/en\/wp-json\/wp\/v2\/users\/101"}],"replies":[{"embeddable":true,"href":"https:\/\/noticel.com\/en\/wp-json\/wp\/v2\/comments?post=1021329"}],"version-history":[{"count":1,"href":"https:\/\/noticel.com\/en\/wp-json\/wp\/v2\/posts\/1021329\/revisions"}],"predecessor-version":[{"id":1021332,"href":"https:\/\/noticel.com\/en\/wp-json\/wp\/v2\/posts\/1021329\/revisions\/1021332"}],"wp:featuredmedia":[{"embeddable":true,"href":"https:\/\/noticel.com\/en\/wp-json\/wp\/v2\/media\/1021331"}],"wp:attachment":[{"href":"https:\/\/noticel.com\/en\/wp-json\/wp\/v2\/media?parent=1021329"}],"wp:term":[{"taxonomy":"category","embeddable":true,"href":"https:\/\/noticel.com\/en\/wp-json\/wp\/v2\/categories?post=1021329"},{"taxonomy":"post_tag","embeddable":true,"href":"https:\/\/noticel.com\/en\/wp-json\/wp\/v2\/tags?post=1021329"}],"curies":[{"name":"wp","href":"https:\/\/api.w.org\/{rel}","templated":true}]}}