{"id":1021288,"date":"2026-08-30T09:11:13","date_gmt":"2026-08-30T13:11:13","guid":{"rendered":""},"modified":"2026-08-30T10:05:08","modified_gmt":"2026-08-30T14:05:08","slug":"mas-musica-para-seguir-disfrutando-el-verano-tropical","status":"publish","type":"post","link":"https:\/\/noticel.com\/en\/entretenimiento\/20260830\/mas-musica-para-seguir-disfrutando-el-verano-tropical\/","title":{"rendered":"M\u00e1s m\u00fasica para seguir disfrutando el verano tropical"},"content":{"rendered":"<p>Otra tanda de buena m\u00fasica tropical boricua ya est\u00e1 sonando y buscando el apoyo de los mel\u00f3manos. Aqu\u00ed, otra muestra de lo que se est\u00e1 produciendo en los diversos g\u00e9neros tropicales. \u00a1Que disfruten!<\/p>\n\n\n\n<p><strong>\u201cMe dejaste en pausa\u201d (La Mulenze)<\/strong> \u2013 Regresa al estudio la recordada \u201corquesta de la juventud\u201d con este tema, composici\u00f3n, arreglo musical y direcci\u00f3n de Carlos Garc\u00eda, quien tambi\u00e9n toc\u00f3 el piano. La Mulenze, dirigida por el bajista Edwin Morales, ya est\u00e1 por cumplir 50 a\u00f1os de existencia y con este tema vuelven a reactivarse en los estudios con miras a la celebraci\u00f3n de su aniversario de oro. El veterano cantante Rafael \u201cIto\u201d Andino vuelve a presentar una interpretaci\u00f3n de gran nivel.<\/p>\n\n\n\n<figure class=\"wp-block-embed is-type-video is-provider-youtube wp-block-embed-youtube wp-embed-aspect-4-3 wp-has-aspect-ratio\"><div class=\"wp-block-embed__wrapper\">\n<iframe loading=\"lazy\" title=\"Me Dejaste En Pausa\" width=\"500\" height=\"375\" src=\"https:\/\/www.youtube.com\/embed\/7CvmR2Q6sk8?feature=oembed\" frameborder=\"0\" allow=\"accelerometer; autoplay; clipboard-write; encrypted-media; gyroscope; picture-in-picture; web-share\" referrerpolicy=\"strict-origin-when-cross-origin\" allowfullscreen><\/iframe>\n<\/div><\/figure>\n\n\n\n<p><strong>\u201cNo digas nada\u201d (Brenda K. Starr)<\/strong> \u2013 Esta es una nueva versi\u00f3n de este tema ya que Starr la hab\u00eda grabado en 1997 tambi\u00e9n en versi\u00f3n salsa, pero con otro arreglo musical (de Humberto Ram\u00edrez). El nuevo arreglo es de Pedro Jes\u00fas y formar\u00e1 parte de la nueva producci\u00f3n de la cantante que conmemorar\u00e1 los 30 a\u00f1os de su primera producci\u00f3n de salsa. La composici\u00f3n es de Rudy P\u00e9rez, Roberto Livi y Juan Marcelo y originalmente fue grabado en balada por la cantante boricua Lunna en 1987.<\/p>\n\n\n\n<figure class=\"wp-block-embed is-type-video is-provider-youtube wp-block-embed-youtube wp-embed-aspect-4-3 wp-has-aspect-ratio\"><div class=\"wp-block-embed__wrapper\">\n<iframe loading=\"lazy\" title=\"No Digas Nada\" width=\"500\" height=\"375\" src=\"https:\/\/www.youtube.com\/embed\/gkx4o_ZZP9U?feature=oembed\" frameborder=\"0\" allow=\"accelerometer; autoplay; clipboard-write; encrypted-media; gyroscope; picture-in-picture; web-share\" referrerpolicy=\"strict-origin-when-cross-origin\" allowfullscreen><\/iframe>\n<\/div><\/figure>\n\n\n\n<p><strong>\u00ab\u00c9chame la culpa otra vez\u00bb (Josean Rivera)<\/strong> \u2013 El segundo sencillo en promoci\u00f3n del \u00e1lbum \u201cContraste\u201d es composici\u00f3n de Rivera con arreglo musical de Kevin Pag\u00e1n. Este cantautor boricua ya nos tiene acostumbrados a arreglos musicales bien bailables, aunque las letras sean rom\u00e1nticas. La producci\u00f3n -su sexta como solista- sale bajo el sello Salsaneo Records. El bayamon\u00e9s se mantiene como una de las voces contempor\u00e1neas de mayor consistencia y calidad en la salsa actual.<\/p>\n\n\n\n<figure class=\"wp-block-embed is-type-video is-provider-youtube wp-block-embed-youtube wp-embed-aspect-4-3 wp-has-aspect-ratio\"><div class=\"wp-block-embed__wrapper\">\n<iframe loading=\"lazy\" title=\"Echame La Culpa Otra Vez\" width=\"500\" height=\"375\" src=\"https:\/\/www.youtube.com\/embed\/sLIeLyJpSy4?feature=oembed\" frameborder=\"0\" allow=\"accelerometer; autoplay; clipboard-write; encrypted-media; gyroscope; picture-in-picture; web-share\" referrerpolicy=\"strict-origin-when-cross-origin\" allowfullscreen><\/iframe>\n<\/div><\/figure>\n\n\n\n<p><strong>\u201cRuleta\u201d (Los Guardiola)<\/strong> \u2013 Esta orquesta mayag\u00fcezana sigue desarroll\u00e1ndose con fuerza, identidad y presencia liderada por Josh Guardiola, pianista, compositor y director musical. \u201cRuleta es la canci\u00f3n que todos necesitamos cuando la vida gira sin avisar. Con una met\u00e1fora poderosa \u2014 la ruleta como espejo de la existencia \u2014 Guardiola convierte la filosof\u00eda de vida en pista de baile. Si la vida trae limones, se hace limonada\u201d, dice la promoci\u00f3n. Compuesta, arreglada y dirigida por Josh Guardiola.<\/p>\n\n\n\n<figure class=\"wp-block-embed is-type-video is-provider-youtube wp-block-embed-youtube wp-embed-aspect-16-9 wp-has-aspect-ratio\"><div class=\"wp-block-embed__wrapper\">\n<iframe loading=\"lazy\" title=\"Los Guardiola | Ruleta (Letra)\" width=\"500\" height=\"281\" src=\"https:\/\/www.youtube.com\/embed\/fNGTpLIvH2c?feature=oembed\" frameborder=\"0\" allow=\"accelerometer; autoplay; clipboard-write; encrypted-media; gyroscope; picture-in-picture; web-share\" referrerpolicy=\"strict-origin-when-cross-origin\" allowfullscreen><\/iframe>\n<\/div><\/figure>\n\n\n\n<p><strong>\u201cQui\u00e9n me rescat\u00f3\u201d (Jos\u00e9 David)<\/strong> \u2013 Este cantante cristiano de Cidra, Puerto Rico, presenta el primer sencillo de su \u00e1lbum \u201cEscucha mi oraci\u00f3n\u201d, una producci\u00f3n concebida para conectar la m\u00fasica tropical con letras de contenido cristiano. \u201cEl tema relata una profunda transformaci\u00f3n espiritual a partir del encuentro con Jesucristo y celebra el paso de una vida marcada por el vac\u00edo y la desesperanza hacia una existencia renovada, llena de prop\u00f3sito y paz\u201d, dice la promoci\u00f3n. La composici\u00f3n es de Jos\u00e9 David y el arreglo de Willie Melo.<\/p>\n\n\n\n<figure class=\"wp-block-embed is-type-video is-provider-youtube wp-block-embed-youtube wp-embed-aspect-16-9 wp-has-aspect-ratio\"><div class=\"wp-block-embed__wrapper\">\n<iframe loading=\"lazy\" title=\"QUIEN ME RESCAT\u00d3 - (Audio Oficial \/ Video Lyric) | \u00c1lbum ESCUCHA MI ORACI\u00d3N #lanzamientooficial\" width=\"500\" height=\"281\" src=\"https:\/\/www.youtube.com\/embed\/_cAaVxo2L3I?feature=oembed\" frameborder=\"0\" allow=\"accelerometer; autoplay; clipboard-write; encrypted-media; gyroscope; picture-in-picture; web-share\" referrerpolicy=\"strict-origin-when-cross-origin\" allowfullscreen><\/iframe>\n<\/div><\/figure>\n\n\n\n<p><strong>\u201cTe estoy cazando\u201d (Albert S\u00e1nchez y La Clave Latina)<\/strong> \u2013 El cantante y compositor Gerardo Araujo se une a la orquesta del saxofonista boricua Albert S\u00e1nchez para entregarnos esta composici\u00f3n suya, arreglada por Araujo y S\u00e1nchez. Vanessa Blanco, Eric Blanco y Albert S\u00e1nchez suenan en los coros. Es salsa en la onda tradicional que nos lleva en el tiempo a los a\u00f1os 80. Muy buena la combinaci\u00f3n de trompetas, trombones y el saxof\u00f3n bar\u00edtono de S\u00e1nchez. La producci\u00f3n general fue de&nbsp;NMJ Animal Music Records.<\/p>\n\n\n\n<figure class=\"wp-block-embed is-type-video is-provider-youtube wp-block-embed-youtube wp-embed-aspect-4-3 wp-has-aspect-ratio\"><div class=\"wp-block-embed__wrapper\">\n<iframe loading=\"lazy\" title=\"Albert Sanchez y la Clave Latina &quot;Te Estoy Cazando&quot; Feat: Gerardo Araujo (Official Video) #distrokid\" width=\"500\" height=\"375\" src=\"https:\/\/www.youtube.com\/embed\/wJ1kZYu28Tk?feature=oembed\" frameborder=\"0\" allow=\"accelerometer; autoplay; clipboard-write; encrypted-media; gyroscope; picture-in-picture; web-share\" referrerpolicy=\"strict-origin-when-cross-origin\" allowfullscreen><\/iframe>\n<\/div><\/figure>\n\n\n\n<p><strong>\u201cMadame Calal\u00fa\u201d (A son de plena)<\/strong> \u2013 Este cl\u00e1sico de Rafael Cepeda Atiles cobra nueva vida en los tambores de este respetado grupo de plena, que tiene base en la ciudad de Tampa Bay, Florida. La producci\u00f3n fue de Rafael Castro para AF Records y cuenta con la participaci\u00f3n vocal del maestro Jes\u00fas Cepeda en la introducci\u00f3n de la canci\u00f3n. La versi\u00f3n original fue grabada por Cortijo y su Combo, junto a Ismael Rivera, en los a\u00f1os 50.<\/p><div class=\"notic-content-middle\" id=\"notic-2039998738\"><div class=\"notic-adlabel\">Advertisements<\/div><a data-no-instant=\"1\" href=\"https:\/\/www.asegurate-bien.com\/\" rel=\"noopener\" class=\"a2t-link\" target=\"_blank\" aria-label=\"Acodese-Adaptaciones-Noticel-300&#215;250\"><img loading=\"lazy\" decoding=\"async\" src=\"https:\/\/cdn.noticel.com\/2026\/05\/30094423\/Acodese-Adaptaciones-Noticel-300x250-1.jpg\" alt=\"\"  srcset=\"https:\/\/cdn.noticel.com\/2026\/05\/30094423\/Acodese-Adaptaciones-Noticel-300x250-1.jpg 300w, https:\/\/cdn.noticel.com\/2026\/05\/30094423\/Acodese-Adaptaciones-Noticel-300x250-1-14x12.jpg 14w\" sizes=\"(max-width: 300px) 100vw, 300px\" width=\"300\" height=\"250\"   \/><\/a><\/div>\n\n\n\n<figure class=\"wp-block-embed is-type-video is-provider-youtube wp-block-embed-youtube wp-embed-aspect-4-3 wp-has-aspect-ratio\"><div class=\"wp-block-embed__wrapper\">\n<iframe loading=\"lazy\" title=\"Madame Calal\u00fa\" width=\"500\" height=\"375\" src=\"https:\/\/www.youtube.com\/embed\/qzfFDFdxmNQ?feature=oembed\" frameborder=\"0\" allow=\"accelerometer; autoplay; clipboard-write; encrypted-media; gyroscope; picture-in-picture; web-share\" referrerpolicy=\"strict-origin-when-cross-origin\" allowfullscreen><\/iframe>\n<\/div><\/figure>\n\n\n\n<p><strong>\u201cTropikete\u201d (Christian Alicea)<\/strong> \u2013 Este es su nuevo sencillo y el primer adelanto de lo que ser\u00e1 su pr\u00f3xima producci\u00f3n discogr\u00e1fica.&nbsp;Alicea toma como referencia uno de los temas m\u00e1s reconocidos del&nbsp;<em>rap<\/em>,&nbsp;\u201cP.I.M.P.\u201d, de 50 Cent, y lo lleva a su propio estilo con una versi\u00f3n original de esencia tropical. Otra muestra de la manera en que el artista contin\u00faa mezclando influencias urbanas y tropicales dentro de su propuesta musical. El video fue dirigido por Francisco M. Mej\u00edas.<\/p>\n\n\n\n<figure class=\"wp-block-embed is-type-video is-provider-youtube wp-block-embed-youtube wp-embed-aspect-16-9 wp-has-aspect-ratio\"><div class=\"wp-block-embed__wrapper\">\n<iframe loading=\"lazy\" title=\"Christian Alicea - TROPiKETE (Video Oficial)\" width=\"500\" height=\"281\" src=\"https:\/\/www.youtube.com\/embed\/4_eMSAJirHU?feature=oembed\" frameborder=\"0\" allow=\"accelerometer; autoplay; clipboard-write; encrypted-media; gyroscope; picture-in-picture; web-share\" referrerpolicy=\"strict-origin-when-cross-origin\" allowfullscreen><\/iframe>\n<\/div><\/figure>\n\n\n\n<p><strong>\u201cVerano en candela\u201d (Jacareo)<\/strong> \u2013 Este grupo de pleneros formado por m\u00fasicos puertorrique\u00f1os en el sur de Florida presenta este tema, original de Richard Joel y Eduard Ortiz. El arreglo musical combina la plena con la samba y el cha cha ch\u00e1 de manera que los cambios de ritmo lo hacen muy interesante. Los invitados especiales son los integrantes del grupo Miamibloco, un grupo especializado en m\u00fasica brasile\u00f1a. Muy buen tema para disfrutar en el verano.<\/p>\n\n\n\n<figure class=\"wp-block-embed is-type-video is-provider-youtube wp-block-embed-youtube wp-embed-aspect-4-3 wp-has-aspect-ratio\"><div class=\"wp-block-embed__wrapper\">\n<iframe loading=\"lazy\" title=\"Verano en Candela\" width=\"500\" height=\"375\" src=\"https:\/\/www.youtube.com\/embed\/Mef8XXprG0o?feature=oembed\" frameborder=\"0\" allow=\"accelerometer; autoplay; clipboard-write; encrypted-media; gyroscope; picture-in-picture; web-share\" referrerpolicy=\"strict-origin-when-cross-origin\" allowfullscreen><\/iframe>\n<\/div><\/figure>\n\n\n\n<p><strong>\u201cTe amo en silencio\u201d (Juan Picorelli y Gerardo Rivas)<\/strong> \u2013 El destacado percusionista Juan Picorelli se une a Gerado Rivas para traernos su primer sencillo como l\u00edder de orquesta. Es un tema rom\u00e1ntico con un arreglo s\u00faper bailable en el que intervinieron Picorelli, Mike Rosario, Oscar L\u00f3pez y Juan Carlos Cardona. La letra la trabajaron Picorelli y Rivas. Ambos artistas se conocen desde hace muchos a\u00f1os porque el percusionista ha trabajado con la orquesta de Rivas.<\/p>\n\n\n\n<figure class=\"wp-block-embed is-type-video is-provider-youtube wp-block-embed-youtube wp-embed-aspect-16-9 wp-has-aspect-ratio\"><div class=\"wp-block-embed__wrapper\">\n<iframe loading=\"lazy\" title=\"Juan Picorelli Featuring Gerardo Rivas - Te Amo En Silencio (Official Video Lyrics) \" width=\"500\" height=\"281\" src=\"https:\/\/www.youtube.com\/embed\/evcvmYYLiN8?feature=oembed\" frameborder=\"0\" allow=\"accelerometer; autoplay; clipboard-write; encrypted-media; gyroscope; picture-in-picture; web-share\" referrerpolicy=\"strict-origin-when-cross-origin\" allowfullscreen><\/iframe>\n<\/div><\/figure>\n\n\n\n<p>Vea tambi\u00e9n:<\/p>\n\n\n\n<p><a href=\"https:\/\/noticel.com\/en\/entretenimiento\/20260705\/nueva-tanda-de-estrenos-tropicales-para-este-verano\/\" title=\"\">Nueva tanda de estrenos tropicales para este verano<\/a><\/p>\n\n\n\n<p><a href=\"https:\/\/noticel.com\/en\/entretenimiento\/20260815\/nuevos-temas-tropicales-listos-para-ser-disfrutados\/\" title=\"\">Nuevos temas tropicales listos para ser disfrutados<\/a><\/p>\n\n\n\n<p><a href=\"https:\/\/noticel.com\/en\/entretenimiento\/20260726\/10-nuevos-temas-tropicales-para-disfrutar-y-reflexionar\/\" title=\"\">10 nuevos temas tropicales para disfrutar\u2026 y reflexionar<\/a><\/p>","protected":false},"excerpt":{"rendered":"<p>Otra tanda de buena m\u00fasica tropical boricua ya est\u00e1 sonando y buscando el apoyo de los mel\u00f3manos. Aqu\u00ed, otra muestra de lo que se est\u00e1 produciendo en los diversos g\u00e9neros tropicales. \u00a1Que disfruten! \u201cMe dejaste en pausa\u201d (La Mulenze) \u2013 Regresa al estudio la recordada \u201corquesta de la juventud\u201d con este tema, composici\u00f3n, arreglo musical [&hellip;]<\/p>","protected":false},"author":99,"featured_media":1021299,"comment_status":"open","ping_status":"open","sticky":false,"template":"","format":"standard","meta":{"_acf_changed":false,"_monsterinsights_skip_tracking":false,"ep_exclude_from_search":false,"footnotes":""},"categories":[52,53],"tags":[809,810],"class_list":["post-1021288","post","type-post","status-publish","format-standard","has-post-thumbnail","hentry","category-entretenimiento","category-musica","tag-estrenos","tag-musica-tropical"],"acf":[],"aioseo_notices":[],"_links":{"self":[{"href":"https:\/\/noticel.com\/en\/wp-json\/wp\/v2\/posts\/1021288","targetHints":{"allow":["GET"]}}],"collection":[{"href":"https:\/\/noticel.com\/en\/wp-json\/wp\/v2\/posts"}],"about":[{"href":"https:\/\/noticel.com\/en\/wp-json\/wp\/v2\/types\/post"}],"author":[{"embeddable":true,"href":"https:\/\/noticel.com\/en\/wp-json\/wp\/v2\/users\/99"}],"replies":[{"embeddable":true,"href":"https:\/\/noticel.com\/en\/wp-json\/wp\/v2\/comments?post=1021288"}],"version-history":[{"count":3,"href":"https:\/\/noticel.com\/en\/wp-json\/wp\/v2\/posts\/1021288\/revisions"}],"predecessor-version":[{"id":1021300,"href":"https:\/\/noticel.com\/en\/wp-json\/wp\/v2\/posts\/1021288\/revisions\/1021300"}],"wp:featuredmedia":[{"embeddable":true,"href":"https:\/\/noticel.com\/en\/wp-json\/wp\/v2\/media\/1021299"}],"wp:attachment":[{"href":"https:\/\/noticel.com\/en\/wp-json\/wp\/v2\/media?parent=1021288"}],"wp:term":[{"taxonomy":"category","embeddable":true,"href":"https:\/\/noticel.com\/en\/wp-json\/wp\/v2\/categories?post=1021288"},{"taxonomy":"post_tag","embeddable":true,"href":"https:\/\/noticel.com\/en\/wp-json\/wp\/v2\/tags?post=1021288"}],"curies":[{"name":"wp","href":"https:\/\/api.w.org\/{rel}","templated":true}]}}