{"id":1021277,"date":"2026-08-29T12:02:06","date_gmt":"2026-08-29T16:02:06","guid":{"rendered":""},"modified":"2026-08-29T12:16:04","modified_gmt":"2026-08-29T16:16:04","slug":"sin-bandera-convierte-el-coliseo-en-una-noche-de-amor-nostalgia-y-promesas","status":"publish","type":"post","link":"https:\/\/noticel.com\/en\/entretenimiento\/20260829\/sin-bandera-convierte-el-coliseo-en-una-noche-de-amor-nostalgia-y-promesas\/","title":{"rendered":"Sin Bandera convierte el Coliseo en una noche de amor, nostalgia y promesas"},"content":{"rendered":"<p>El Coliseo de Puerto Rico se convirti\u00f3 anoche en el escenario de una gran historia de amor colectiva cuando Sin Bandera regres\u00f3 a la Isla para reencontrarse con un p\u00fablico que cant\u00f3, bail\u00f3 y vivi\u00f3 cada canci\u00f3n como si fuera propia.<\/p>\n\n\n\n<p>Desde los primeros acordes, Leonel Garc\u00eda y Noel Schajris encontraron a un p\u00fablico dispuesto a entregarse por completo. Las voces de los asistentes se mezclaron constantemente con las de los artistas, mientras las luces del recinto acompa\u00f1aban una noche en la que la nostalgia y el romance fueron protagonistas.<\/p>\n\n\n\n<p>\u201cEntra en mi vida\u201d, \u201cKil\u00f3metros\u201d, \u201cQue me alcance la vida\u201d, \u201cSirena\u201d, \u201cMientes tan bien\u201d, \u201cTe vi venir\u201d y otros de los grandes \u00e9xitos de Sin Bandera provocaron una respuesta inmediata. Canci\u00f3n tras canci\u00f3n, el p\u00fablico coreaba las letras, levantaba sus celulares para capturar los momentos y respond\u00eda a las interacciones de los cantantes, dejando claro que las melod\u00edas del d\u00fao mexicano siguen ocupando un lugar especial en la memoria de varias generaciones.<\/p>\n\n\n\n<p>Pero la noche tambi\u00e9n tuvo espacio para una historia de amor que comenz\u00f3, o quiz\u00e1s dio un paso definitivo, frente a miles de personas. Durante la interpretaci\u00f3n de \u201cDime que s\u00ed\u201d, una pareja se comprometi\u00f3 en pleno concierto, haciendo de esa canci\u00f3n, que ya ten\u00eda un significado especial para ambos, la banda sonora de una nueva etapa en sus vidas. El momento provoc\u00f3 emoci\u00f3n entre los presentes y se convirti\u00f3 en uno de los instantes m\u00e1s memorables de la velada.<\/p>\n\n\n\n<figure class=\"wp-block-image size-large\"><img loading=\"lazy\" decoding=\"async\" width=\"1024\" height=\"683\" src=\"https:\/\/cdn.noticel.com\/2026\/08\/29121254\/concierto2-1024x683.jpg\" alt=\"\" class=\"wp-image-1021281\" srcset=\"https:\/\/cdn.noticel.com\/2026\/08\/29121254\/concierto2-1024x683.jpg 1024w, https:\/\/cdn.noticel.com\/2026\/08\/29121254\/concierto2-300x200.jpg 300w, https:\/\/cdn.noticel.com\/2026\/08\/29121254\/concierto2-768x512.jpg 768w, https:\/\/cdn.noticel.com\/2026\/08\/29121254\/concierto2-18x12.jpg 18w, https:\/\/cdn.noticel.com\/2026\/08\/29121254\/concierto2.jpg 1280w\" sizes=\"auto, (max-width: 1024px) 100vw, 1024px\" \/><figcaption class=\"wp-element-caption\"><em>Juan R. Costa\/NotiCel<\/em><\/figcaption><\/figure>\n\n\n\n<p>Schajris, por su parte, aprovech\u00f3 la cercan\u00eda con el p\u00fablico puertorrique\u00f1o para compartir una an\u00e9cdota que arranc\u00f3 sonrisas y complicidad: confes\u00f3 que prob\u00f3 pitorro por primera vez en Puerto Rico.<\/p>\n\n\n\n<p>La conexi\u00f3n entre Sin Bandera y la audiencia se mantuvo durante toda la presentaci\u00f3n. Hubo coros multitudinarios, aplausos, gritos y momentos en los que los asistentes pr\u00e1cticamente tomaron el control de las canciones, acompa\u00f1ando a Garc\u00eda y Schajris en cada verso.<\/p>\n\n\n\n<p>Entre el p\u00fablico tambi\u00e9n se encontraba el salsero puertorrique\u00f1o V\u00edctor Manuelle, quien disfrut\u00f3 de la presentaci\u00f3n desde su asiento.<\/p>\n\n\n\n<p>As\u00ed, entre baladas, recuerdos, confesiones y una propuesta de matrimonio, Sin Bandera volvi\u00f3 a demostrar que algunas canciones no solo se escuchan, sino que se convierten en parte de la historia de quienes las cantan.<\/p>\n\n\n\n<figure class=\"wp-block-image size-large\"><img loading=\"lazy\" decoding=\"async\" width=\"1024\" height=\"682\" src=\"https:\/\/cdn.noticel.com\/2026\/08\/29121325\/concierto3-1024x682.jpg\" alt=\"\" class=\"wp-image-1021282\" srcset=\"https:\/\/cdn.noticel.com\/2026\/08\/29121325\/concierto3-1024x682.jpg 1024w, https:\/\/cdn.noticel.com\/2026\/08\/29121325\/concierto3-300x200.jpg 300w, https:\/\/cdn.noticel.com\/2026\/08\/29121325\/concierto3-768x512.jpg 768w, https:\/\/cdn.noticel.com\/2026\/08\/29121325\/concierto3-18x12.jpg 18w, https:\/\/cdn.noticel.com\/2026\/08\/29121325\/concierto3.jpg 1280w\" sizes=\"auto, (max-width: 1024px) 100vw, 1024px\" \/><figcaption class=\"wp-element-caption\"><em>Juan R. Costa\/NotiCel<\/em><\/figcaption><\/figure>","protected":false},"excerpt":{"rendered":"<p>El Coliseo de Puerto Rico se convirti\u00f3 anoche en el escenario de una gran historia de amor colectiva cuando Sin Bandera regres\u00f3 a la Isla para reencontrarse con un p\u00fablico que cant\u00f3, bail\u00f3 y vivi\u00f3 cada canci\u00f3n como si fuera propia. Desde los primeros acordes, Leonel Garc\u00eda y Noel Schajris encontraron a un p\u00fablico dispuesto [&hellip;]<\/p>","protected":false},"author":100,"featured_media":1021280,"comment_status":"open","ping_status":"open","sticky":false,"template":"","format":"standard","meta":{"_acf_changed":false,"_monsterinsights_skip_tracking":false,"ep_exclude_from_search":false,"footnotes":""},"categories":[52,53],"tags":[612,6896],"class_list":["post-1021277","post","type-post","status-publish","format-standard","has-post-thumbnail","hentry","category-entretenimiento","category-musica","tag-concierto","tag-sin-bandera"],"acf":[],"aioseo_notices":[],"_links":{"self":[{"href":"https:\/\/noticel.com\/en\/wp-json\/wp\/v2\/posts\/1021277","targetHints":{"allow":["GET"]}}],"collection":[{"href":"https:\/\/noticel.com\/en\/wp-json\/wp\/v2\/posts"}],"about":[{"href":"https:\/\/noticel.com\/en\/wp-json\/wp\/v2\/types\/post"}],"author":[{"embeddable":true,"href":"https:\/\/noticel.com\/en\/wp-json\/wp\/v2\/users\/100"}],"replies":[{"embeddable":true,"href":"https:\/\/noticel.com\/en\/wp-json\/wp\/v2\/comments?post=1021277"}],"version-history":[{"count":1,"href":"https:\/\/noticel.com\/en\/wp-json\/wp\/v2\/posts\/1021277\/revisions"}],"predecessor-version":[{"id":1021283,"href":"https:\/\/noticel.com\/en\/wp-json\/wp\/v2\/posts\/1021277\/revisions\/1021283"}],"wp:featuredmedia":[{"embeddable":true,"href":"https:\/\/noticel.com\/en\/wp-json\/wp\/v2\/media\/1021280"}],"wp:attachment":[{"href":"https:\/\/noticel.com\/en\/wp-json\/wp\/v2\/media?parent=1021277"}],"wp:term":[{"taxonomy":"category","embeddable":true,"href":"https:\/\/noticel.com\/en\/wp-json\/wp\/v2\/categories?post=1021277"},{"taxonomy":"post_tag","embeddable":true,"href":"https:\/\/noticel.com\/en\/wp-json\/wp\/v2\/tags?post=1021277"}],"curies":[{"name":"wp","href":"https:\/\/api.w.org\/{rel}","templated":true}]}}