{"id":1021262,"date":"2026-08-29T11:00:09","date_gmt":"2026-08-29T15:00:09","guid":{"rendered":""},"modified":"2026-08-29T11:08:43","modified_gmt":"2026-08-29T15:08:43","slug":"juan-cardona-es-el-nuevo-dirigente-de-los-gigantes-del-bsn","status":"publish","type":"post","link":"https:\/\/noticel.com\/en\/deportes\/20260829\/juan-cardona-es-el-nuevo-dirigente-de-los-gigantes-del-bsn\/","title":{"rendered":"Juan Cardona es el nuevo dirigente de los Gigantes del BSN"},"content":{"rendered":"<p>Los Gigantes de Carolina-Can\u00f3vanas anunciaron a Juan Cardona como su nuevo dirigente para la temporada 2027 del Baloncesto Superior Nacional, luego de la renuncia del t\u00e9cnico Carlos Gonz\u00e1lez.\u00a0<\/p>\n\n\n\n<p>Cardona cuenta con una vasta experiencia en el baloncesto local e internacional, destac\u00e1ndose por su trayectoria en la NCAA de los Estados Unidos, la selecci\u00f3n nacional de Chile y ligas juveniles. Durante las pasadas tres temporadas, Cardona acumul\u00f3 marca de 70 triunfos y 52 derrotas, incluyendo partidos de postemporada, y gui\u00f3 a los Capitanes de Arecibo a la mejor marca del 2024 con r\u00e9cord 23-11 que lo consagr\u00f3 como Dirigente del A\u00f1o del BSN.<\/p>\n\n\n\n<p>En el 2014, Cardona gui\u00f3 al campeonato nacional a las Gigantes de Carolina del Baloncesto Superior Nacional Femenino. A su vez, el t\u00e9cnico ha estado presente en el desarrollo de j\u00f3venes atletas de diferentes colegios y escuelas de Puerto Rico y los Estados Unidos.<\/p>\n\n\n\n<p>El apoderado H\u00e9ctor Horta agradeci\u00f3 a cada uno de los dirigentes que mostraron su inter\u00e9s de dirigir la franquicia y reconoci\u00f3 la labor de Cardona y el nuevo staff t\u00e9cnico.<\/p>\n\n\n\n<p>\u201cAgradecido con la gran demanda de dirigentes del patio y del exterior que quer\u00edan dirigir a nuestro equipo. Luego de un proceso de evaluaci\u00f3n y de entrevistas, escogimos a Juan Cardona. Juan ha sido uno de los dirigentes m\u00e1s exitosos en las pasadas tres temporadas en el BSN ganando m\u00e1s de 70 partidos. Su gran deseo de trabajar con nuestro equipo, la forma en la cual maneja y se relaciona con los jugadores, su sistema y su fogosidad, entendemos que ser\u00e1n de beneficio para nuestros jugadores. Acompa\u00f1ado de Mandy Cancel, Filiberto Rivera y Zabdiel Perez, har\u00e1n un buen equipo de trabajo en nuestra b\u00fasqueda de nuestro segundo campeonato\u201d, sostuvo.<\/p>\n\n\n\n<p>Junto a Cardona se integran Mandy Cancel, Zabdiel P\u00e9rez y Filiberto Rivera como asistentes del quinteto oriental.&nbsp;<\/p>\n\n\n\n<p>Cancel estuvo con el equipo carolinense en la temporada 2021, como asistente de Iv\u00e1n R\u00edos y durante las pasadas temporadas form\u00f3 parte del cuerpo t\u00e9cnico de los Cangrejeros de Santurce, llegando a ser dirigente interino en el 2026, durante la salida del dirigente Nelson Col\u00f3n.&nbsp;<\/p><div class=\"notic-content-middle\" id=\"notic-3335608546\"><div class=\"notic-adlabel\">Advertisements<\/div><a data-no-instant=\"1\" href=\"https:\/\/www.asegurate-bien.com\/\" rel=\"noopener\" class=\"a2t-link\" target=\"_blank\" aria-label=\"Acodese-Adaptaciones-Noticel-970&#215;250\"><img loading=\"lazy\" decoding=\"async\" src=\"https:\/\/cdn.noticel.com\/2026\/05\/30100504\/Acodese-Adaptaciones-Noticel-970x250-1.jpg\" alt=\"\"  srcset=\"https:\/\/cdn.noticel.com\/2026\/05\/30100504\/Acodese-Adaptaciones-Noticel-970x250-1.jpg 970w, https:\/\/cdn.noticel.com\/2026\/05\/30100504\/Acodese-Adaptaciones-Noticel-970x250-1-300x77.jpg 300w, https:\/\/cdn.noticel.com\/2026\/05\/30100504\/Acodese-Adaptaciones-Noticel-970x250-1-768x198.jpg 768w, https:\/\/cdn.noticel.com\/2026\/05\/30100504\/Acodese-Adaptaciones-Noticel-970x250-1-18x5.jpg 18w\" sizes=\"(max-width: 970px) 100vw, 970px\" width=\"970\" height=\"250\"   \/><\/a><\/div>\n\n\n\n<p>Por su parte, Filiberto Rivera ha sido parte del cuerpo t\u00e9cnico de los Gigantes desde el 2024, luego de conseguir el primer campeonato de la franquicia oriental en el 2023 y anunciar su retiro como jugador. Entre tanto, P\u00e9rez se une a la franquicia como \u201cVideo Coach Analytic\u201d del quinteto.\u00a0<\/p>\n\n\n\n<p>Cardona agradeci\u00f3 la oportunidad de dirigir al quinteto carolinense y afirm\u00f3 que tendr\u00e1 un gran reto en llevar a la franquicia nuevamente al sitial alcanzado en el 2023, pero afirm\u00f3 que lo har\u00e1 de la mano de cada uno de los jugadores y staff t\u00e9cnico y resalt\u00f3 la importancia de piezas en el equipo como Tremont Waters, George Conditt, Daniel Rivera, Evander Ortiz, Alex Franklin, Dyondre Dominguez, entre otros.&nbsp;<\/p>\n\n\n\n<p>\u201cHumildemente acepto la responsabilidad que lleva el cargo y estoy agradecido y bendecido con la oportunidad. A la gente de Carolina y Can\u00f3vanas que est\u00e9n seguros que voy a dar todo lo que tengo por este equipo, al igual que s\u00e9 que todo el staff y jugadores har\u00e1n lo mismo\u201d, expres\u00f3.<\/p>\n\n\n\n<p>\u201cAl momento he podido hablar con el 75% de los jugadores, pero quiero tener la oportunidad de hablar con cada uno de ellos. Todos tienen una voz que debe ser escuchada y quiero que se sientan parte del proceso. Todos son una pieza importante en el equipo y mi principal prop\u00f3sito es que todos los jugadores, staff y la gerencia se sientan c\u00f3modos con el proceso y que a su vez conectemos nuevamente con la fanaticada. La organizaci\u00f3n est\u00e1 haciendo lo imposible por traer nuevamente el campeonato a Carolina\u201d, a\u00f1adi\u00f3.<\/p>\n\n\n\n<p>Cardona elogi\u00f3 a su staff t\u00e9cnico y est\u00e1 seguro que ser\u00e1n pieza clave en el \u00e9xito de la franquicia.&nbsp;<\/p>\n\n\n\n<p>\u201cCon Mandy tengo mucha historia desde que jug\u00e1bamos en la juveniles, lo admiro y siempre tiene mis respeto al igual que Filiberto, que es una pieza importante dentro de la organizaci\u00f3n. Ambos cuentan con una gran experiencia y un IQ de baloncesto Gigante. Mi intenci\u00f3n ser\u00e1 unir todo ese conocimiento para el beneficio del equipo \u00ab, finaliz\u00f3.\u00a0<\/p>","protected":false},"excerpt":{"rendered":"<p>Los Gigantes de Carolina-Can\u00f3vanas anunciaron a Juan Cardona como su nuevo dirigente para la temporada 2027 del Baloncesto Superior Nacional, luego de la renuncia del t\u00e9cnico Carlos Gonz\u00e1lez.\u00a0 Cardona cuenta con una vasta experiencia en el baloncesto local e internacional, destac\u00e1ndose por su trayectoria en la NCAA de los Estados Unidos, la selecci\u00f3n nacional de [&hellip;]<\/p>","protected":false},"author":100,"featured_media":1021263,"comment_status":"open","ping_status":"open","sticky":false,"template":"","format":"standard","meta":{"_acf_changed":false,"_monsterinsights_skip_tracking":false,"ep_exclude_from_search":false,"footnotes":""},"categories":[33,31],"tags":[161,2241,6894],"class_list":["post-1021262","post","type-post","status-publish","format-standard","has-post-thumbnail","hentry","category-baloncesto","category-deportes","tag-bsn","tag-gigantes-de-carolina","tag-juan-cardona"],"acf":[],"aioseo_notices":[],"_links":{"self":[{"href":"https:\/\/noticel.com\/en\/wp-json\/wp\/v2\/posts\/1021262","targetHints":{"allow":["GET"]}}],"collection":[{"href":"https:\/\/noticel.com\/en\/wp-json\/wp\/v2\/posts"}],"about":[{"href":"https:\/\/noticel.com\/en\/wp-json\/wp\/v2\/types\/post"}],"author":[{"embeddable":true,"href":"https:\/\/noticel.com\/en\/wp-json\/wp\/v2\/users\/100"}],"replies":[{"embeddable":true,"href":"https:\/\/noticel.com\/en\/wp-json\/wp\/v2\/comments?post=1021262"}],"version-history":[{"count":1,"href":"https:\/\/noticel.com\/en\/wp-json\/wp\/v2\/posts\/1021262\/revisions"}],"predecessor-version":[{"id":1021264,"href":"https:\/\/noticel.com\/en\/wp-json\/wp\/v2\/posts\/1021262\/revisions\/1021264"}],"wp:featuredmedia":[{"embeddable":true,"href":"https:\/\/noticel.com\/en\/wp-json\/wp\/v2\/media\/1021263"}],"wp:attachment":[{"href":"https:\/\/noticel.com\/en\/wp-json\/wp\/v2\/media?parent=1021262"}],"wp:term":[{"taxonomy":"category","embeddable":true,"href":"https:\/\/noticel.com\/en\/wp-json\/wp\/v2\/categories?post=1021262"},{"taxonomy":"post_tag","embeddable":true,"href":"https:\/\/noticel.com\/en\/wp-json\/wp\/v2\/tags?post=1021262"}],"curies":[{"name":"wp","href":"https:\/\/api.w.org\/{rel}","templated":true}]}}