{"id":1021257,"date":"2026-08-29T10:38:11","date_gmt":"2026-08-29T14:38:11","guid":{"rendered":""},"modified":"2026-08-29T11:07:07","modified_gmt":"2026-08-29T15:07:07","slug":"el-pfei-concede-tiempo-adicional-a-las-fiscales-del-caso-de-ciary-perez-pena","status":"publish","type":"post","link":"https:\/\/noticel.com\/en\/noticias\/20260829\/el-pfei-concede-tiempo-adicional-a-las-fiscales-del-caso-de-ciary-perez-pena\/","title":{"rendered":"El PFEI concede tiempo adicional a las fiscales del caso de Ciary P\u00e9rez Pe\u00f1a"},"content":{"rendered":"<p>El Panel sobre el Fiscal Especial Independiente (PFEI) concedi\u00f3 15 d\u00edas adicionales para la investigaci\u00f3n que realizan las fiscales Maricarmen Rodr\u00edguez Barea y Gisela Alfonso Fern\u00e1ndez sobre posibles delitos cometidos por la exsecretaria de Vivienda, Ciary P\u00e9rez Pe\u00f1a.<\/p>\n\n\n\n<p>\u201cEl 19 de agosto de 2026, la fiscal especial independiente Maricarmen Rodr\u00edguez Barea present\u00f3 una solicitud de extensi\u00f3n de t\u00e9rmino investigativo. En ella expone que algunos de los subpoenas emitidos a\u00fan no han sido contestados por lo que se encuentra en espera de recibir los documentos correspondientes a estos. Indica, adem\u00e1s, que, a pesar de haber hecho todo el esfuerzo por culminar esta investigaci\u00f3n, debido a la complejidad y naturaleza de la misma, no ha sido posible hacerlo en el tiempo previamente concedido por lo que solicita se les conceda un t\u00e9rmino adicional de 15 d\u00edas para culminar la investigaci\u00f3n\u201d, dice el documento del PFEI.<\/p>\n\n\n\n<p>El t\u00e9rmino adicional de 15 d\u00edas concedido a las fiscales Maricarmen Rodr\u00edguez Barea y Gisela Alfonso Fern\u00e1ndez vencer\u00e1 el viernes 18 de septiembre de 2026, agrega la determinaci\u00f3n del PFEI.<\/p>\n\n\n\n<p>Fue el Departamento de Justicia el que refiri\u00f3 al PFEI la investigaci\u00f3n contra P\u00e9rez Pe\u00f1a por el posible delito de influencia indebida, tipificado en el Art\u00edculo 261 del C\u00f3digo Penal de Puerto Rico, as\u00ed como por posibles violaciones a la Ley de \u00c9tica Gubernamental.<\/p>\n\n\n\n<p>Justicia actu\u00f3 a ra\u00edz de un referido de los representantes Ram\u00f3n A. Torres Cruz y Swanny E. Vargas Laureano sobre posibles irregularidades vinculadas a centros de inspecci\u00f3n de veh\u00edculos de motor y la alegada intervenci\u00f3n de la ex secretaria del Departamento de la Vivienda. La investigaci\u00f3n fue realizada por la Divisi\u00f3n de Integridad P\u00fablica y Oficina de Asuntos del Contralor (DIPAC) que evalu\u00f3 la totalidad de la prueba recopilada, incluyendo declaraciones juradas, documentos y otra evidencia pertinente.\u00a0\u00a0<\/p>\n\n\n\n<p>Historias relacionadas:<\/p>\n\n\n\n<p><a href=\"https:\/\/noticel.com\/en\/ultima-hora\/20260410\/justicia-refiere-al-pfei-a-la-exsecretaria-de-vivienda-ciary-perez-pena\/\" title=\"\">Justicia refiere al PFEI a la exsecretaria de Vivienda Ciary P\u00e9rez Pe\u00f1a<\/a><\/p>\n\n\n\n<p><a href=\"https:\/\/noticel.com\/en\/ultima-hora\/20260416\/con-fiscales-asignados-en-el-fei-para-trabajar-el-referido-de-ciary-perez-pena\/\" title=\"\">Con fiscales asignados en el FEI para trabajar el referido de Ciary P\u00e9rez Pe\u00f1a<\/a><\/p>\n\n\n\n<p><a href=\"https:\/\/noticel.com\/en\/noticias\/20260415\/ciary-perez-salio-de-vivienda-el-mismo-dia-que-justicia-entrevisto-a-su-acusador\/\" title=\"\">Ciary P\u00e9rez sali\u00f3 de Vivienda el mismo d\u00eda que Justicia entrevist\u00f3 a su acusador<\/a><\/p>","protected":false},"excerpt":{"rendered":"<p>El Panel sobre el Fiscal Especial Independiente (PFEI) concedi\u00f3 15 d\u00edas adicionales para la investigaci\u00f3n que realizan las fiscales Maricarmen Rodr\u00edguez Barea y Gisela Alfonso Fern\u00e1ndez sobre posibles delitos cometidos por la exsecretaria de Vivienda, Ciary P\u00e9rez Pe\u00f1a. \u201cEl 19 de agosto de 2026, la fiscal especial independiente Maricarmen Rodr\u00edguez Barea present\u00f3 una solicitud de [&hellip;]<\/p>","protected":false},"author":100,"featured_media":1021259,"comment_status":"open","ping_status":"open","sticky":false,"template":"","format":"standard","meta":{"_acf_changed":false,"_monsterinsights_skip_tracking":false,"ep_exclude_from_search":false,"footnotes":""},"categories":[3,13],"tags":[4208,1177,2515],"class_list":["post-1021257","post","type-post","status-publish","format-standard","has-post-thumbnail","hentry","category-noticias","category-tribunales","tag-ciary-perez-pena","tag-investigacion","tag-pfei"],"acf":[],"aioseo_notices":[],"_links":{"self":[{"href":"https:\/\/noticel.com\/en\/wp-json\/wp\/v2\/posts\/1021257","targetHints":{"allow":["GET"]}}],"collection":[{"href":"https:\/\/noticel.com\/en\/wp-json\/wp\/v2\/posts"}],"about":[{"href":"https:\/\/noticel.com\/en\/wp-json\/wp\/v2\/types\/post"}],"author":[{"embeddable":true,"href":"https:\/\/noticel.com\/en\/wp-json\/wp\/v2\/users\/100"}],"replies":[{"embeddable":true,"href":"https:\/\/noticel.com\/en\/wp-json\/wp\/v2\/comments?post=1021257"}],"version-history":[{"count":2,"href":"https:\/\/noticel.com\/en\/wp-json\/wp\/v2\/posts\/1021257\/revisions"}],"predecessor-version":[{"id":1021261,"href":"https:\/\/noticel.com\/en\/wp-json\/wp\/v2\/posts\/1021257\/revisions\/1021261"}],"wp:featuredmedia":[{"embeddable":true,"href":"https:\/\/noticel.com\/en\/wp-json\/wp\/v2\/media\/1021259"}],"wp:attachment":[{"href":"https:\/\/noticel.com\/en\/wp-json\/wp\/v2\/media?parent=1021257"}],"wp:term":[{"taxonomy":"category","embeddable":true,"href":"https:\/\/noticel.com\/en\/wp-json\/wp\/v2\/categories?post=1021257"},{"taxonomy":"post_tag","embeddable":true,"href":"https:\/\/noticel.com\/en\/wp-json\/wp\/v2\/tags?post=1021257"}],"curies":[{"name":"wp","href":"https:\/\/api.w.org\/{rel}","templated":true}]}}