{"id":1021252,"date":"2026-08-29T09:58:50","date_gmt":"2026-08-29T13:58:50","guid":{"rendered":""},"modified":"2026-08-29T13:29:40","modified_gmt":"2026-08-29T17:29:40","slug":"tiroteo-en-carolina-deja-un-muerto-y-un-herido-de-bala","status":"publish","type":"post","link":"https:\/\/noticel.com\/en\/noticias\/20260829\/tiroteo-en-carolina-deja-un-muerto-y-un-herido-de-bala\/","title":{"rendered":"Tiroteo en Carolina deja un muerto y un herido de bala"},"content":{"rendered":"<p>Una muerte violenta y una persona herida de bala fue reportado a eso de las 2:17 de la madrugada del s\u00e1bado, en la carretera PR-860 frente a Building LLC, en Carolina.<\/p>\n\n\n\n<p>Seg\u00fan \u00a0el reporte de la Polic\u00eda, una llamada a trav\u00e9s del Sistema de Emergencias 9-1-1 alert\u00f3 a la Polic\u00eda sobre una situaci\u00f3n sospechosa en el lugar. Al llegar los agentes a la escena, encontraron en el interior de un veh\u00edculo, el cuerpo baleado de un hombre.<\/p><div class=\"notic-content-middle\" id=\"notic-86906016\"><div class=\"notic-adlabel\">Advertisements<\/div><a data-no-instant=\"1\" href=\"https:\/\/www.asegurate-bien.com\/\" rel=\"noopener\" class=\"a2t-link\" target=\"_blank\" aria-label=\"Acodese-Adaptaciones-Noticel-300&#215;600\"><img loading=\"lazy\" decoding=\"async\" src=\"https:\/\/cdn.noticel.com\/2026\/05\/30094652\/Acodese-Adaptaciones-Noticel-300x600-1.jpg\" alt=\"\"  srcset=\"https:\/\/cdn.noticel.com\/2026\/05\/30094652\/Acodese-Adaptaciones-Noticel-300x600-1.jpg 300w, https:\/\/cdn.noticel.com\/2026\/05\/30094652\/Acodese-Adaptaciones-Noticel-300x600-1-150x300.jpg 150w, https:\/\/cdn.noticel.com\/2026\/05\/30094652\/Acodese-Adaptaciones-Noticel-300x600-1-6x12.jpg 6w\" sizes=\"(max-width: 300px) 100vw, 300px\" width=\"300\" height=\"600\"   \/><\/a><\/div>\n\n\n\n<p>Relacionado a estos hechos, un hombre quien iba de pasajero en el auto, result\u00f3 herido de bala. Fue transportado por param\u00e9dicos a la sala de emergencias de un hospital y al momento se desconoce su condici\u00f3n.<\/p>\n\n\n\n<p>El agente Karl McDaniel S\u00e1nchez, adscrito a la Divisi\u00f3n de Homicidios del Cuerpo de Investigaciones Criminales de Carolina,\u00a0y el fiscal Carlos G\u00f3mez Gonz\u00e1lez investigan.<\/p>","protected":false},"excerpt":{"rendered":"<p>Una muerte violenta y una persona herida de bala fue reportado a eso de las 2:17 de la madrugada del s\u00e1bado, en la carretera PR-860 frente a Building LLC, en Carolina. Seg\u00fan \u00a0el reporte de la Polic\u00eda, una llamada a trav\u00e9s del Sistema de Emergencias 9-1-1 alert\u00f3 a la Polic\u00eda sobre una situaci\u00f3n sospechosa en [&hellip;]<\/p>","protected":false},"author":101,"featured_media":948607,"comment_status":"open","ping_status":"open","sticky":false,"template":"","format":"standard","meta":{"_acf_changed":false,"_monsterinsights_skip_tracking":false,"ep_exclude_from_search":false,"footnotes":""},"categories":[3,15],"tags":[142,729],"class_list":["post-1021252","post","type-post","status-publish","format-standard","has-post-thumbnail","hentry","category-noticias","category-policiacas","tag-asesinato","tag-carolina"],"acf":[],"aioseo_notices":[],"_links":{"self":[{"href":"https:\/\/noticel.com\/en\/wp-json\/wp\/v2\/posts\/1021252","targetHints":{"allow":["GET"]}}],"collection":[{"href":"https:\/\/noticel.com\/en\/wp-json\/wp\/v2\/posts"}],"about":[{"href":"https:\/\/noticel.com\/en\/wp-json\/wp\/v2\/types\/post"}],"author":[{"embeddable":true,"href":"https:\/\/noticel.com\/en\/wp-json\/wp\/v2\/users\/101"}],"replies":[{"embeddable":true,"href":"https:\/\/noticel.com\/en\/wp-json\/wp\/v2\/comments?post=1021252"}],"version-history":[{"count":3,"href":"https:\/\/noticel.com\/en\/wp-json\/wp\/v2\/posts\/1021252\/revisions"}],"predecessor-version":[{"id":1021294,"href":"https:\/\/noticel.com\/en\/wp-json\/wp\/v2\/posts\/1021252\/revisions\/1021294"}],"wp:featuredmedia":[{"embeddable":true,"href":"https:\/\/noticel.com\/en\/wp-json\/wp\/v2\/media\/948607"}],"wp:attachment":[{"href":"https:\/\/noticel.com\/en\/wp-json\/wp\/v2\/media?parent=1021252"}],"wp:term":[{"taxonomy":"category","embeddable":true,"href":"https:\/\/noticel.com\/en\/wp-json\/wp\/v2\/categories?post=1021252"},{"taxonomy":"post_tag","embeddable":true,"href":"https:\/\/noticel.com\/en\/wp-json\/wp\/v2\/tags?post=1021252"}],"curies":[{"name":"wp","href":"https:\/\/api.w.org\/{rel}","templated":true}]}}