{"id":1021247,"date":"2026-08-29T09:35:29","date_gmt":"2026-08-29T13:35:29","guid":{"rendered":""},"modified":"2026-08-29T09:43:03","modified_gmt":"2026-08-29T13:43:03","slug":"otro-dia-con-elevados-indices-de-calor","status":"publish","type":"post","link":"https:\/\/noticel.com\/en\/noticias\/20260829\/otro-dia-con-elevados-indices-de-calor\/","title":{"rendered":"Otro d\u00eda con elevados \u00edndices de calor"},"content":{"rendered":"<p>Hay una advertencia de calor para 52 municipios desde las 10:00 a.m. hasta las 5:00 p.m.<\/p>\n\n\n\n<p>La principal preocupaci\u00f3n de hoy ser\u00e1 el calor. La combinaci\u00f3n de la humedad disponible, temperaturas m\u00ednimas por encima de lo normal, vientos del este-sureste, poca lluvia y temperaturas elevadas en los niveles bajos de la atm\u00f3sfera probablemente producir\u00e1 otro d\u00eda caluroso con \u00edndices de calor elevados. Por esta raz\u00f3n, hay una advertencia de calor desde las 10:00 a.m. hasta las 5:00 p.m. para las zonas costeras y urbanas de Puerto Rico, Vieques, Culebra y las Islas V\u00edrgenes estadounidenses.<\/p>\n\n\n\n<p>Entre finales del s\u00e1bado y el domingo comenzar\u00e1 a llegar desde el este la humedad asociada con una onda tropical y los remanentes de Dolly. Los modelos m\u00e1s recientes indican que la humedad disponible en la atm\u00f3sfera aumentar\u00e1 hasta aproximadamente 2 a 2.5 pulgadas y permanecer\u00e1 elevada durante el periodo del pron\u00f3stico. Este aumento de humedad tambi\u00e9n alcanzar\u00e1 los niveles medios y altos de la atm\u00f3sfera.<\/p>\n\n\n\n<p>Por esta raz\u00f3n, especialmente entre domingo y lunes, entraremos en un patr\u00f3n meteorol\u00f3gico considerablemente m\u00e1s inestable. Los aguaceros y tronadas deber\u00e1n aumentar primero sobre las Islas V\u00edrgenes desde temprano el domingo. Despu\u00e9s se extender\u00e1n hacia Vieques, Culebra y el este de Puerto Rico durante la ma\u00f1ana y primeras horas de la tarde, para posteriormente extenderse por Puerto Rico.<\/p>\n\n\n\n<p>Habr\u00e1 periodos de tiempo borrascoso con lluvias de moderadas a localmente fuertes. Aunque estas lluvias no ser\u00e1n suficientes para terminar con la sequ\u00eda actual, podr\u00edan aportar cantidades beneficiosas de agua.<\/p><div class=\"notic-content-middle\" id=\"notic-144997672\"><div class=\"notic-adlabel\">Advertisements<\/div><a data-no-instant=\"1\" href=\"https:\/\/www.asegurate-bien.com\/\" rel=\"noopener\" class=\"a2t-link\" target=\"_blank\" aria-label=\"Acodese-Adaptaciones-Noticel-300&#215;600\"><img loading=\"lazy\" decoding=\"async\" src=\"https:\/\/cdn.noticel.com\/2026\/05\/30094652\/Acodese-Adaptaciones-Noticel-300x600-1.jpg\" alt=\"\"  srcset=\"https:\/\/cdn.noticel.com\/2026\/05\/30094652\/Acodese-Adaptaciones-Noticel-300x600-1.jpg 300w, https:\/\/cdn.noticel.com\/2026\/05\/30094652\/Acodese-Adaptaciones-Noticel-300x600-1-150x300.jpg 150w, https:\/\/cdn.noticel.com\/2026\/05\/30094652\/Acodese-Adaptaciones-Noticel-300x600-1-6x12.jpg 6w\" sizes=\"(max-width: 300px) 100vw, 300px\" width=\"300\" height=\"600\"   \/><\/a><\/div>\n\n\n\n<p>Las condiciones mar\u00edtimas y costeras se tornar\u00e1n peligrosas entre el domingo y el lunes debido al aumento de los vientos y del oleaje. Hay una advertencia para embarcaciones peque\u00f1as para las aguas mar afuera del Atl\u00e1ntico y el Pasaje de Anegada.<\/p>\n\n\n\n<p>Hoy, a medida que esta humedad se desplace r\u00e1pidamente hacia el oeste y salga de nuestra regi\u00f3n, comenzar\u00e1 a entrar una masa de aire m\u00e1s seca alrededor de media ma\u00f1ana que permanecer\u00e1 durante el resto del d\u00eda. Esto limitar\u00e1 los aguaceros y solamente se esperan algunos de car\u00e1cter localizado durante la tarde sobre el oeste de Puerto Rico, principalmente debido a efectos locales.<\/p>\n\n\n\n<p>Debido al aumento de la nubosidad y la lluvia, las temperaturas deber\u00e1n bajar durante el domingo y el lunes, lo que ofrecer\u00e1 un alivio temporal del calor.<\/p>\n\n\n\n<p>Para hoy, aguaceros dispersos, principalmente antes de las 9:00 a.m. Luego estar\u00e1 mayormente soleado, con una temperatura m\u00e1xima cercana a 93 \u00b0F. El \u00edndice de calor podr\u00eda alcanzar 110 \u00b0F. Viento del este entre 11 y 17 mph, con r\u00e1fagas de hasta 24 mph. Probabilidad de lluvia de 40 %.<\/p>\n\n\n\n<p>Esta noche, aguaceros dispersos despu\u00e9s de las 9:00 p.m. Parcialmente nublado, con una temperatura m\u00ednima cercana a 81 \u00b0F. Viento del este-noreste entre 10 y 13 mph. Probabilidad de lluvia de 40 %.<\/p>\n\n\n\n<figure class=\"wp-block-image size-large\"><img loading=\"lazy\" decoding=\"async\" width=\"1024\" height=\"576\" src=\"https:\/\/cdn.noticel.com\/2026\/08\/29094044\/HQ4KJkQWwAA4Ene-1024x576.jpg\" alt=\"\" class=\"wp-image-1021249\" srcset=\"https:\/\/cdn.noticel.com\/2026\/08\/29094044\/HQ4KJkQWwAA4Ene-1024x576.jpg 1024w, https:\/\/cdn.noticel.com\/2026\/08\/29094044\/HQ4KJkQWwAA4Ene-300x169.jpg 300w, https:\/\/cdn.noticel.com\/2026\/08\/29094044\/HQ4KJkQWwAA4Ene-768x432.jpg 768w, https:\/\/cdn.noticel.com\/2026\/08\/29094044\/HQ4KJkQWwAA4Ene-1536x864.jpg 1536w, https:\/\/cdn.noticel.com\/2026\/08\/29094044\/HQ4KJkQWwAA4Ene-18x10.jpg 18w, https:\/\/cdn.noticel.com\/2026\/08\/29094044\/HQ4KJkQWwAA4Ene.jpg 1920w\" sizes=\"auto, (max-width: 1024px) 100vw, 1024px\" \/><\/figure>","protected":false},"excerpt":{"rendered":"<p>Hay una advertencia de calor para 52 municipios desde las 10:00 a.m. hasta las 5:00 p.m. La principal preocupaci\u00f3n de hoy ser\u00e1 el calor. La combinaci\u00f3n de la humedad disponible, temperaturas m\u00ednimas por encima de lo normal, vientos del este-sureste, poca lluvia y temperaturas elevadas en los niveles bajos de la atm\u00f3sfera probablemente producir\u00e1 otro [&hellip;]<\/p>","protected":false},"author":101,"featured_media":1021248,"comment_status":"open","ping_status":"open","sticky":false,"template":"","format":"standard","meta":{"_acf_changed":false,"_monsterinsights_skip_tracking":false,"ep_exclude_from_search":false,"footnotes":""},"categories":[18,3],"tags":[728,163,284,522],"class_list":["post-1021247","post","type-post","status-publish","format-standard","has-post-thumbnail","hentry","category-el-tiempo","category-noticias","tag-advertencia-de-calor","tag-lluvias","tag-oleaje","tag-temperatura"],"acf":[],"aioseo_notices":[],"_links":{"self":[{"href":"https:\/\/noticel.com\/en\/wp-json\/wp\/v2\/posts\/1021247","targetHints":{"allow":["GET"]}}],"collection":[{"href":"https:\/\/noticel.com\/en\/wp-json\/wp\/v2\/posts"}],"about":[{"href":"https:\/\/noticel.com\/en\/wp-json\/wp\/v2\/types\/post"}],"author":[{"embeddable":true,"href":"https:\/\/noticel.com\/en\/wp-json\/wp\/v2\/users\/101"}],"replies":[{"embeddable":true,"href":"https:\/\/noticel.com\/en\/wp-json\/wp\/v2\/comments?post=1021247"}],"version-history":[{"count":1,"href":"https:\/\/noticel.com\/en\/wp-json\/wp\/v2\/posts\/1021247\/revisions"}],"predecessor-version":[{"id":1021250,"href":"https:\/\/noticel.com\/en\/wp-json\/wp\/v2\/posts\/1021247\/revisions\/1021250"}],"wp:featuredmedia":[{"embeddable":true,"href":"https:\/\/noticel.com\/en\/wp-json\/wp\/v2\/media\/1021248"}],"wp:attachment":[{"href":"https:\/\/noticel.com\/en\/wp-json\/wp\/v2\/media?parent=1021247"}],"wp:term":[{"taxonomy":"category","embeddable":true,"href":"https:\/\/noticel.com\/en\/wp-json\/wp\/v2\/categories?post=1021247"},{"taxonomy":"post_tag","embeddable":true,"href":"https:\/\/noticel.com\/en\/wp-json\/wp\/v2\/tags?post=1021247"}],"curies":[{"name":"wp","href":"https:\/\/api.w.org\/{rel}","templated":true}]}}