{"id":1021193,"date":"2026-08-29T09:09:43","date_gmt":"2026-08-29T13:09:43","guid":{"rendered":""},"modified":"2026-08-29T09:56:19","modified_gmt":"2026-08-29T13:56:19","slug":"municipios-se-oponen-a-exencion-contributiva-para-equipos-de-generacion-electrica","status":"publish","type":"post","link":"https:\/\/noticel.com\/en\/noticias\/20260829\/municipios-se-oponen-a-exencion-contributiva-para-equipos-de-generacion-electrica\/","title":{"rendered":"Municipios se oponen a exenci\u00f3n contributiva para equipos de generaci\u00f3n el\u00e9ctrica"},"content":{"rendered":"<p>Los municipios, tanto a trav\u00e9s del Centro de Recaudaci\u00f3n de Ingresos Municipales (CRIM) como de la Federaci\u00f3n de Alcaldes, se opusieron al Proyecto del Senado 273, que establecer\u00eda una exenci\u00f3n contributiva aplicable a los equipos y m\u00e1quinas de generaci\u00f3n de energ\u00eda el\u00e9ctrica en propiedades de uso residencial, comercial e industrial.<\/p>\n\n\n\n<p>La Autoridad de Energ\u00eda El\u00e9ctrica (AEE) tambi\u00e9n se opuso por entender que la posibilidad de una exenci\u00f3n de ese tipo debe considerarse dentro de una reforma contributiva m\u00e1s amplia. Mientras que LUMA Energy, operador privado de la red el\u00e9ctrica, no se opuso al proyecto.<\/p>\n\n\n\n<p>La medida tuvo vista p\u00fablica el viernes ante la Comisi\u00f3n de Asuntos Municipales de la C\u00e1mara de Representantes.<\/p>\n\n\n\n<p>El director ejecutivo del CRIM, Javier Garc\u00eda Cintr\u00f3n, resalt\u00f3 que el proyecto \u201ctiene un impacto directo en los recaudos municipales\u201d que, seg\u00fan un informe de la Oficina de Presupuesto de la Asamblea Legislativa (OPAL), ser\u00edan $12 millones para el 2030.<\/p>\n\n\n\n<p>\u201cLa contribuci\u00f3n sobre la propiedad constituye una de las principales fuentes de ingresos de los municipios, y cualquier reducci\u00f3n de la base contributiva debe evaluarse con sumo cuidado, particularmente cuando la medida no identifica una fuente de sustituci\u00f3n, ni mecanismo de reembolso que compense la p\u00e9rdida de ingresos\u201d, a\u00f1adi\u00f3.<\/p><div class=\"notic-content-middle\" id=\"notic-2213072667\"><div class=\"notic-adlabel\">Advertisements<\/div><a data-no-instant=\"1\" href=\"https:\/\/www.asegurate-bien.com\/\" rel=\"noopener\" class=\"a2t-link\" target=\"_blank\" aria-label=\"Acodese-Adaptaciones-Noticel-728&#215;90\"><img loading=\"lazy\" decoding=\"async\" src=\"https:\/\/cdn.noticel.com\/2026\/07\/30095222\/Acodese-Adaptaciones-Noticel-728x90-1.jpg\" alt=\"\"  srcset=\"https:\/\/cdn.noticel.com\/2026\/07\/30095222\/Acodese-Adaptaciones-Noticel-728x90-1.jpg 728w, https:\/\/cdn.noticel.com\/2026\/07\/30095222\/Acodese-Adaptaciones-Noticel-728x90-1-300x37.jpg 300w, https:\/\/cdn.noticel.com\/2026\/07\/30095222\/Acodese-Adaptaciones-Noticel-728x90-1-18x2.jpg 18w\" sizes=\"(max-width: 728px) 100vw, 728px\" width=\"728\" height=\"90\"   \/><\/a><\/div>\n\n\n\n<p>Garc\u00eda Cintr\u00f3n recomend\u00f3 enmiendas al proyecto, para que este tipo de exenci\u00f3n sea aplicada a los equipos para producir energ\u00eda en las residencias principales, que ya poseen exenci\u00f3n contributiva, y que en la actualidad paguen, as\u00ed como las utilizadas en propiedades destinadas exclusivamente al cuidado de adultos mayores y que tienen licencia vigente del Departamento de la Familia.<\/p>\n\n\n\n<p>Por su parte, la federaci\u00f3n se\u00f1al\u00f3 mediante su asesor legal, Ricardo Rol\u00f3n, que \u201cuna pol\u00edtica p\u00fablica bien intencionada tambi\u00e9n debe ser fiscalmente responsable, particularmente cuando sus consecuencias recaen directamente sobre los ingresos de los gobiernos municipales\u201d. Entonces sugiri\u00f3 que se le refiera al propio CRIM la preparaci\u00f3n de un estudio de impacto fiscal que incluya el valor de la propiedad que quedar\u00eda exenta, la p\u00e9rdida estimada de recaudos, su distribuci\u00f3n entre los municipios y cualquier efecto que la medida pudiera tener sobre la estructura fiscal municipal\u201d.<\/p>\n\n\n\n<p>Fernando Osorio Ca\u00f1o, director de operaciones de la AEE, sostuvo que, aunque la corporaci\u00f3n reconoce que el proyecto \u201cconstituye un paso importante hacia el fortalecimiento de la resiliencia energ\u00e9tica del pa\u00eds, al incentivar la adquisici\u00f3n de equipos de generaci\u00f3n o almacenamiento de energ\u00eda el\u00e9ctrica, la medida resulta incompatible y contraria a la reforma contributiva impulsada por la Rama Ejecutiva\u201d.<\/p>\n\n\n\n<p>Al favorecer la medida, el vicepresidente de Asuntos de Gobierno y Pol\u00edtica P\u00fablica de LUMA Energy, Michael Juarbe Laffitte, expuso que su postura es \u201cconsiderando el estado actual del sistema el\u00e9ctrico y la importancia de contar con una alternativa durante una situaci\u00f3n de emergencia\u201d.<\/p>","protected":false},"excerpt":{"rendered":"<p>Los municipios, tanto a trav\u00e9s del Centro de Recaudaci\u00f3n de Ingresos Municipales (CRIM) como de la Federaci\u00f3n de Alcaldes, se opusieron al Proyecto del Senado 273, que establecer\u00eda una exenci\u00f3n contributiva aplicable a los equipos y m\u00e1quinas de generaci\u00f3n de energ\u00eda el\u00e9ctrica en propiedades de uso residencial, comercial e industrial. La Autoridad de Energ\u00eda El\u00e9ctrica [&hellip;]<\/p>","protected":false},"author":100,"featured_media":1021194,"comment_status":"open","ping_status":"open","sticky":false,"template":"","format":"standard","meta":{"_acf_changed":false,"_monsterinsights_skip_tracking":false,"ep_exclude_from_search":false,"footnotes":""},"categories":[5,3],"tags":[830,1020,1544],"class_list":["post-1021193","post","type-post","status-publish","format-standard","has-post-thumbnail","hentry","category-legislatura","category-noticias","tag-crim","tag-energia-electrica","tag-municipios"],"acf":[],"aioseo_notices":[],"_links":{"self":[{"href":"https:\/\/noticel.com\/en\/wp-json\/wp\/v2\/posts\/1021193","targetHints":{"allow":["GET"]}}],"collection":[{"href":"https:\/\/noticel.com\/en\/wp-json\/wp\/v2\/posts"}],"about":[{"href":"https:\/\/noticel.com\/en\/wp-json\/wp\/v2\/types\/post"}],"author":[{"embeddable":true,"href":"https:\/\/noticel.com\/en\/wp-json\/wp\/v2\/users\/100"}],"replies":[{"embeddable":true,"href":"https:\/\/noticel.com\/en\/wp-json\/wp\/v2\/comments?post=1021193"}],"version-history":[{"count":2,"href":"https:\/\/noticel.com\/en\/wp-json\/wp\/v2\/posts\/1021193\/revisions"}],"predecessor-version":[{"id":1021243,"href":"https:\/\/noticel.com\/en\/wp-json\/wp\/v2\/posts\/1021193\/revisions\/1021243"}],"wp:featuredmedia":[{"embeddable":true,"href":"https:\/\/noticel.com\/en\/wp-json\/wp\/v2\/media\/1021194"}],"wp:attachment":[{"href":"https:\/\/noticel.com\/en\/wp-json\/wp\/v2\/media?parent=1021193"}],"wp:term":[{"taxonomy":"category","embeddable":true,"href":"https:\/\/noticel.com\/en\/wp-json\/wp\/v2\/categories?post=1021193"},{"taxonomy":"post_tag","embeddable":true,"href":"https:\/\/noticel.com\/en\/wp-json\/wp\/v2\/tags?post=1021193"}],"curies":[{"name":"wp","href":"https:\/\/api.w.org\/{rel}","templated":true}]}}