{"id":1021186,"date":"2026-08-28T16:17:19","date_gmt":"2026-08-28T20:17:19","guid":{"rendered":""},"modified":"2026-08-28T16:25:46","modified_gmt":"2026-08-28T20:25:46","slug":"causa-para-juicio-contra-hombre-por-el-asesinato-de-su-madre-de-89-anos","status":"publish","type":"post","link":"https:\/\/noticel.com\/en\/ultima-hora\/20260828\/causa-para-juicio-contra-hombre-por-el-asesinato-de-su-madre-de-89-anos\/","title":{"rendered":"Causa para juicio contra hombre por el asesinato de su madre de 89 a\u00f1os"},"content":{"rendered":"<p><\/p>\n\n\n\n<p>Una jueza del Tribunal de Primera Instancia de Arecibo determin\u00f3 causa para juicio contra Joel Jim\u00e9nez Rivera por el asesinato en primer grado de su madre, Rosalina Rivera Pic\u00f3n, de 89 a\u00f1os, en hechos ocurridos el pasado 30 de junio en Arecibo.<\/p>\n\n\n\n<p>As\u00ed lo inform\u00f3 el Departamento de Justicia.<\/p>\n\n\n\n<p>Tras examinar la evidencia presentada por la Fiscal\u00eda de Arecibo, la jueza Leyla I. Graulau Igart\u00faa determin\u00f3 causa para juicio por asesinato en primer grado, destrucci\u00f3n de prueba y maltrato a persona de edad avanzada, al amparo de los art\u00edculos 93(a), 285 y 127-A del C\u00f3digo Penal de Puerto Rico, respectivamente.<\/p>\n\n\n\n<p>Durante la vista preliminar, la fiscal, Daisy M. Quintero Hern\u00e1ndez, y el fiscal de distrito, Rafael Freytes Cutrera, presentaron la prueba testifical contra Jim\u00e9nez Rivera.<\/p>\n\n\n\n<p>La evidencia presentada estableci\u00f3 que, el pasado 28 de junio, Rivera Pic\u00f3n fue atendida por personal de emergencias y trasladada a una instituci\u00f3n hospitalaria. Sin embargo, el imputado la retir\u00f3 del hospital antes de que concluyera su evaluaci\u00f3n m\u00e9dica. Posteriormente, el 30 de junio, agentes de la Polic\u00eda respondieron a una llamada al Sistema de Emergencias 9-1-1 y encontraron a la mujer sin signos vitales en la residencia. <\/p>\n\n\n\n<p>La causa de muerte fue un severo trauma corporal.<\/p>\n\n\n\n<p>El imputado conviv\u00eda con su madre en una residencia ubicada en el barrio Santana de Arecibo.<\/p>\n\n\n\n<p>La lectura de acusaci\u00f3n fue pautada para el pr\u00f3ximo 22 de septiembre. El juicio qued\u00f3 se\u00f1alado para el 20 de octubre.<\/p>\n\n\n\n<p>La investigaci\u00f3n estuvo a cargo del agente Obed Mercado Arce, de la Polic\u00eda de Puerto Rico.<\/p>","protected":false},"excerpt":{"rendered":"<p>Una jueza del Tribunal de Primera Instancia de Arecibo determin\u00f3 causa para juicio contra Joel Jim\u00e9nez Rivera por el asesinato en primer grado de su madre, Rosalina Rivera Pic\u00f3n, de 89 a\u00f1os, en hechos ocurridos el pasado 30 de junio en Arecibo. As\u00ed lo inform\u00f3 el Departamento de Justicia. Tras examinar la evidencia presentada por [&hellip;]<\/p>","protected":false},"author":100,"featured_media":1021187,"comment_status":"open","ping_status":"open","sticky":false,"template":"","format":"standard","meta":{"_acf_changed":false,"_monsterinsights_skip_tracking":false,"ep_exclude_from_search":false,"footnotes":""},"categories":[3,13,2],"tags":[142,3762],"class_list":["post-1021186","post","type-post","status-publish","format-standard","has-post-thumbnail","hentry","category-noticias","category-tribunales","category-ultima-hora","tag-asesinato","tag-madre"],"acf":[],"aioseo_notices":[],"_links":{"self":[{"href":"https:\/\/noticel.com\/en\/wp-json\/wp\/v2\/posts\/1021186","targetHints":{"allow":["GET"]}}],"collection":[{"href":"https:\/\/noticel.com\/en\/wp-json\/wp\/v2\/posts"}],"about":[{"href":"https:\/\/noticel.com\/en\/wp-json\/wp\/v2\/types\/post"}],"author":[{"embeddable":true,"href":"https:\/\/noticel.com\/en\/wp-json\/wp\/v2\/users\/100"}],"replies":[{"embeddable":true,"href":"https:\/\/noticel.com\/en\/wp-json\/wp\/v2\/comments?post=1021186"}],"version-history":[{"count":3,"href":"https:\/\/noticel.com\/en\/wp-json\/wp\/v2\/posts\/1021186\/revisions"}],"predecessor-version":[{"id":1021192,"href":"https:\/\/noticel.com\/en\/wp-json\/wp\/v2\/posts\/1021186\/revisions\/1021192"}],"wp:featuredmedia":[{"embeddable":true,"href":"https:\/\/noticel.com\/en\/wp-json\/wp\/v2\/media\/1021187"}],"wp:attachment":[{"href":"https:\/\/noticel.com\/en\/wp-json\/wp\/v2\/media?parent=1021186"}],"wp:term":[{"taxonomy":"category","embeddable":true,"href":"https:\/\/noticel.com\/en\/wp-json\/wp\/v2\/categories?post=1021186"},{"taxonomy":"post_tag","embeddable":true,"href":"https:\/\/noticel.com\/en\/wp-json\/wp\/v2\/tags?post=1021186"}],"curies":[{"name":"wp","href":"https:\/\/api.w.org\/{rel}","templated":true}]}}