{"id":1021179,"date":"2026-08-28T15:05:21","date_gmt":"2026-08-28T19:05:21","guid":{"rendered":""},"modified":"2026-08-28T15:17:07","modified_gmt":"2026-08-28T19:17:07","slug":"betito-marquez-honra-en-toa-baja-a-exalcalde-convicto-por-uso-ilegal-de-fondos-publicos","status":"publish","type":"post","link":"https:\/\/noticel.com\/en\/ultima-hora\/20260828\/betito-marquez-honra-en-toa-baja-a-exalcalde-convicto-por-uso-ilegal-de-fondos-publicos\/","title":{"rendered":"Betito M\u00e1rquez honra en Toa Baja a exalcalde convicto por uso ilegal de fondos p\u00fablicos"},"content":{"rendered":"<p><\/p>\n\n\n\n<p>&nbsp;El presidente del Partido Popular Democr\u00e1tico (PPD) en Toa Baja, Daniel Torres Laureano, calific\u00f3 como \u201cuna verg\u00fcenza\u201d que un conector vial ubicado entre los sectores Campanilla e Ingenio lleve el nombre del exalcalde V\u00edctor Soto, quien fue convicto por delitos relacionados con el uso ilegal de fondos p\u00fablicos y violaciones a la Ley de \u00c9tica.<\/p>\n\n\n\n<p>Torres Laureano denunci\u00f3 la colocaci\u00f3n del r\u00f3tulo que identifica el conector con el nombre del exalcalde y cuestion\u00f3 duramente la decisi\u00f3n, as\u00ed como la manera en que, seg\u00fan sostuvo, se manej\u00f3 el asunto.<\/p>\n\n\n\n<p>Soto fue convicto en 1997. Tuvo que pagar multas por $9,200 y tu\u00advo que res\u00adti\u00adtuir $56,602.<\/p>\n\n\n\n<p>\u201cEsto ya no es una propuesta ni algo que est\u00e9 en discusi\u00f3n. Ya lo hicieron. Ya colocaron el r\u00f3tulo. Y estamos hablando de una persona que fue convicta por el uso ilegal de fondos p\u00fablicos y violaciones a la Ley de \u00c9tica. Es una verg\u00fcenza que una obra p\u00fablica de Toa Baja lleve su nombre\u201d, afirm\u00f3 Torres Laureano.<\/p>\n\n\n\n<p>El l\u00edder popular se\u00f1al\u00f3 adem\u00e1s que resulta inaceptable que una decisi\u00f3n de esta naturaleza todav\u00eda no haya sido llevada a votaci\u00f3n ante la Legislatura Municipal y que, aun as\u00ed, el r\u00f3tulo ya haya sido instalado.<\/p>\n\n\n\n<p>\u201cEs inaceptable que ya est\u00e9 colocado el r\u00f3tulo sin haber pasado todav\u00eda por la Legislatura Municipal, para su consideraci\u00f3n y votaci\u00f3n. Aqu\u00ed no estamos hablando de un asunto menor. Se trata de c\u00f3mo se honra la memoria y el servicio p\u00fablico en nuestro municipio\u201d, sostuvo.<\/p>\n\n\n\n<p>Torres Laureano a\u00f1adi\u00f3 que el manejo del r\u00f3tulo resulta todav\u00eda m\u00e1s cuestionable, al se\u00f1alar que fue colocado y posteriormente cubierto con un manto de tela.<\/p>\n\n\n\n<p>\u201cYa el r\u00f3tulo est\u00e1 all\u00ed y lo tienen tapado con un manto de tela para que nadie lo vea. Esto da la impresi\u00f3n de que quieren que los ciudadanos no se enteren de lo que hicieron. La gente de Toa Baja merece transparencia y explicaciones\u201d, afirm\u00f3.<\/p>\n\n\n\n<p>El l\u00edder popular emplaz\u00f3 directamente al alcalde de Toa Baja, Bernardo \u201cBetito\u201d M\u00e1rquez, a explicar p\u00fablicamente su posici\u00f3n y a asumir responsabilidad sobre la decisi\u00f3n.<\/p>\n\n\n\n<p>\u201cBetito M\u00e1rquez tiene que dar cara. El alcalde no puede pretender que algo como esto pase por debajo del radar para que los toabaje\u00f1os no se enteren. La ciudadan\u00eda tiene derecho a saber qui\u00e9n tom\u00f3 esta decisi\u00f3n, qui\u00e9n la autoriz\u00f3, por qu\u00e9 no se llev\u00f3 a la Legislatura Municipal y por qu\u00e9 se entendi\u00f3 que una persona con ese historial deb\u00eda ser honrada de esta manera\u201d, sostuvo.<\/p>\n\n\n\n<p>Torres Laureano record\u00f3 que Soto fue convicto por delitos relacionados con el uso ilegal de fondos p\u00fablicos y violaciones a la Ley de \u00c9tica, y que enfrent\u00f3 el pago de multas y \u00f3rdenes de restituci\u00f3n de dinero al erario p\u00fablico.<\/p>\n\n\n\n<p>\u201cEstamos hablando de dinero p\u00fablico y de violaciones a la confianza que los ciudadanos depositan en sus funcionarios. \u00bfQu\u00e9 mensaje le estamos enviando al pueblo cuando una persona que termin\u00f3 convicta por este tipo de conducta es reconocida poniendo su nombre en una obra p\u00fablica?\u201d, cuestion\u00f3.<\/p>\n\n\n\n<p>El presidente del PPD en Toa Baja se\u00f1al\u00f3 adem\u00e1s que el municipio cuenta con ciudadanos, servidores p\u00fablicos y l\u00edderes comunitarios que han dedicado sus vidas a servir honestamente y que podr\u00edan ser reconocidos por sus aportaciones.<\/p>\n\n\n\n<p>\u201cHay mucha gente buena en Toa Baja que ha trabajado y servido a nuestro pueblo con honestidad, sacrificio y desprendimiento. Esas son las personas que merecen ser reconocidas. No podemos normalizar que se utilice una obra p\u00fablica para rendir homenaje a alguien que tuvo que responder ante la justicia por el uso ilegal de fondos p\u00fablicos\u201d, expres\u00f3.<\/p>","protected":false},"excerpt":{"rendered":"<p>&nbsp;El presidente del Partido Popular Democr\u00e1tico (PPD) en Toa Baja, Daniel Torres Laureano, calific\u00f3 como \u201cuna verg\u00fcenza\u201d que un conector vial ubicado entre los sectores Campanilla e Ingenio lleve el nombre del exalcalde V\u00edctor Soto, quien fue convicto por delitos relacionados con el uso ilegal de fondos p\u00fablicos y violaciones a la Ley de \u00c9tica. [&hellip;]<\/p>","protected":false},"author":100,"featured_media":1021180,"comment_status":"open","ping_status":"open","sticky":false,"template":"","format":"standard","meta":{"_acf_changed":false,"_monsterinsights_skip_tracking":false,"ep_exclude_from_search":false,"footnotes":""},"categories":[4,3,2],"tags":[6892,1511],"class_list":["post-1021179","post","type-post","status-publish","format-standard","has-post-thumbnail","hentry","category-gobierno","category-noticias","category-ultima-hora","tag-betito","tag-toa-baja"],"acf":[],"aioseo_notices":[],"_links":{"self":[{"href":"https:\/\/noticel.com\/en\/wp-json\/wp\/v2\/posts\/1021179","targetHints":{"allow":["GET"]}}],"collection":[{"href":"https:\/\/noticel.com\/en\/wp-json\/wp\/v2\/posts"}],"about":[{"href":"https:\/\/noticel.com\/en\/wp-json\/wp\/v2\/types\/post"}],"author":[{"embeddable":true,"href":"https:\/\/noticel.com\/en\/wp-json\/wp\/v2\/users\/100"}],"replies":[{"embeddable":true,"href":"https:\/\/noticel.com\/en\/wp-json\/wp\/v2\/comments?post=1021179"}],"version-history":[{"count":1,"href":"https:\/\/noticel.com\/en\/wp-json\/wp\/v2\/posts\/1021179\/revisions"}],"predecessor-version":[{"id":1021181,"href":"https:\/\/noticel.com\/en\/wp-json\/wp\/v2\/posts\/1021179\/revisions\/1021181"}],"wp:featuredmedia":[{"embeddable":true,"href":"https:\/\/noticel.com\/en\/wp-json\/wp\/v2\/media\/1021180"}],"wp:attachment":[{"href":"https:\/\/noticel.com\/en\/wp-json\/wp\/v2\/media?parent=1021179"}],"wp:term":[{"taxonomy":"category","embeddable":true,"href":"https:\/\/noticel.com\/en\/wp-json\/wp\/v2\/categories?post=1021179"},{"taxonomy":"post_tag","embeddable":true,"href":"https:\/\/noticel.com\/en\/wp-json\/wp\/v2\/tags?post=1021179"}],"curies":[{"name":"wp","href":"https:\/\/api.w.org\/{rel}","templated":true}]}}