{"id":1021161,"date":"2026-08-29T09:07:55","date_gmt":"2026-08-29T13:07:55","guid":{"rendered":""},"modified":"2026-08-29T10:13:09","modified_gmt":"2026-08-29T14:13:09","slug":"falta-de-interpretes-y-personal-capacitado-figuran-entre-las-barreras-de-comunicacion-para-sordos","status":"publish","type":"post","link":"https:\/\/noticel.com\/en\/noticias\/20260829\/falta-de-interpretes-y-personal-capacitado-figuran-entre-las-barreras-de-comunicacion-para-sordos\/","title":{"rendered":"Falta de int\u00e9rpretes y personal capacitado figuran entre las barreras de comunicaci\u00f3n para sordos"},"content":{"rendered":"<p>El 89% de las personas sordas que respondieron un cuestionario de necesidades, indic\u00f3 haber acudido a un hospital, cl\u00ednica u oficina m\u00e9dica durante el \u00faltimo a\u00f1o, pero lament\u00f3 que en estos espacios figuran la falta de int\u00e9rpretes y la ausencia de personal capacitado.<\/p>\n\n\n\n<p>El Instituto de Estad\u00edsticas de Puerto Rico (Instituto) present\u00f3 los resultados del Registro y Estudio de Necesidades de la Comunidad Sorda en Puerto Rico, para el periodo del 13 de enero al 24 de julio de 2026. Los resultados respaldan la importancia de contar con int\u00e9rpretes de lengua de se\u00f1as y personal capacitado para facilitar el acceso de esta poblaci\u00f3n a servicios esenciales.<\/p>\n\n\n\n<p>Asimismo, al preguntar qu\u00e9 necesitan principalmente cuando acuden a una cita en una oficina gubernamental o en un servicio de salud, se mencion\u00f3 la necesidad de personal adiestrado, la disponibilidad de int\u00e9rpretes presenciales y tener formularios accesibles para sordos.<\/p>\n\n\n\n<p>\u201cEstos hallazgos nos permiten identificar necesidades concretas para continuar fortaleciendo la accesibilidad de los servicios que recibe la comunidad sorda o con dificultades auditivas. Contar con personal capacitado, int\u00e9rpretes de lengua de se\u00f1as y herramientas de comunicaci\u00f3n accesibles puede hacer una diferencia significativa en la experiencia de las personas y en su capacidad para recibir la orientaci\u00f3n y los servicios que necesitan\u201d, expres\u00f3 el director ejecutivo del Instituto de Estad\u00edsticas, Orville M. Disdier.<\/p>\n\n\n\n<p>Entre los principales hallazgos se encuentran:<\/p>\n\n\n\n<p>\u2022\u2002\u2002\u2002\u2002\u2002El 89% indic\u00f3 haber acudido a un hospital, cl\u00ednica de salud u oficina m\u00e9dica durante el \u00faltimo a\u00f1o.<\/p>\n\n\n\n<p>\u2022\u2002\u2002\u2002\u2002\u2002El 71% inform\u00f3 que utiliza aud\u00edfonos o implante coclear.<\/p>\n\n\n\n<p>\u2022\u2002\u2002\u2002\u2002\u2002El 69% de quienes evaluaron su experiencia de comunicaci\u00f3n en servicios de salud la calific\u00f3 como regular o mala.<\/p>\n\n\n\n<p>\u2022\u2002\u2002\u2002\u2002\u2002El 67% de quienes respondieron el Registro indic\u00f3 ser sordo desde el nacimiento.<\/p>\n\n\n\n<p>\u2022\u2002\u2002\u2002\u2002\u2002El 62% indic\u00f3 que no trabaja actualmente.<\/p>\n\n\n\n<p>\u2022\u2002\u2002\u2002\u2002\u2002El 61% se\u00f1al\u00f3 que no cuenta con servicio de video de relevo.<\/p><div class=\"notic-content-middle\" id=\"notic-2617948371\"><div class=\"notic-adlabel\">Advertisements<\/div><a data-no-instant=\"1\" href=\"https:\/\/www.asegurate-bien.com\/\" rel=\"noopener\" class=\"a2t-link\" target=\"_blank\" aria-label=\"Acodese-Adaptaciones-Noticel-300&#215;250\"><img loading=\"lazy\" decoding=\"async\" src=\"https:\/\/cdn.noticel.com\/2026\/05\/30094423\/Acodese-Adaptaciones-Noticel-300x250-1.jpg\" alt=\"\"  srcset=\"https:\/\/cdn.noticel.com\/2026\/05\/30094423\/Acodese-Adaptaciones-Noticel-300x250-1.jpg 300w, https:\/\/cdn.noticel.com\/2026\/05\/30094423\/Acodese-Adaptaciones-Noticel-300x250-1-14x12.jpg 14w\" sizes=\"(max-width: 300px) 100vw, 300px\" width=\"300\" height=\"250\"   \/><\/a><\/div>\n\n\n\n<p>\u2022\u2002\u2002\u2002\u2002\u2002La lengua de se\u00f1as puertorrique\u00f1a y la lengua de se\u00f1as americana acumularon 398 menciones entre las formas de comunicaci\u00f3n utilizadas por las personas inscritas en el Registro.<\/p>\n\n\n\n<p>Los resultados forman parte del informe oficial preparado por el Instituto en cumplimiento con la Orden Ejecutiva OE-2026-002, emitida por la gobernadora Jenniffer Gonz\u00e1lez Col\u00f3n. El documento fue entregado a la gobernadora el pasado 12 de agosto de 2026, conforme a lo solicitado y establecido en la orden ejecutiva.<\/p>\n\n\n\n<p>La orden ejecutiva encomend\u00f3 al Instituto, en colaboraci\u00f3n con varias agencias y entidades gubernamentales, realizar un esfuerzo formal para recopilar informaci\u00f3n sobre la comunidad sorda en Puerto Rico, incluyendo sus caracter\u00edsticas, particularidades y formas de comunicaci\u00f3n.<\/p>\n\n\n\n<p>Como parte de esta encomienda, el Instituto desarroll\u00f3 dos componentes: el Registro de Personas Sordas en Puerto Rico, y el Cuestionario de Necesidades de la Comunidad Sorda. Esto se suma al esfuerzo que previamente el Instituto ya hab\u00eda realizado y que culmin\u00f3 en el Primer Estudio de Necesidades de la Comunidad Sorda en Puerto Rico, publicado el 21 de julio de 2022 y que est\u00e1 disponible en la p\u00e1gina web del Instituto.<\/p>\n\n\n\n<p>Durante el periodo analizado, el Registro recibi\u00f3 803 de los cuales 410 cumplieron con los criterios de inclusi\u00f3n establecidos. Por su parte, el Cuestionario de Necesidades alcanz\u00f3 103 cuestionarios procesados.<\/p>\n\n\n\n<p>\u201cConocer c\u00f3mo se comunica esta poblaci\u00f3n y cu\u00e1les son sus necesidades es fundamental para orientar la toma de decisiones y el desarrollo de iniciativas que respondan a su realidad. Este esfuerzo nos ofrece una base para continuar ampliando la informaci\u00f3n disponible y promover servicios cada vez m\u00e1s accesibles\u201d, a\u00f1adi\u00f3 Disdier.<\/p>\n\n\n\n<p>\u201cEstos resultados describen las caracter\u00edsticas y experiencias de las personas que participaron voluntariamente, por lo que, aunque todav\u00eda no deben utilizarse para hacer estimaciones sobre la totalidad de la comunidad sorda en Puerto Rico ni comparaciones entre municipios, s\u00ed permite comenzar a formular pol\u00edtica p\u00fablica. En este sentido, recomendamos ampliar el alcance del proyecto, fortalecer la colaboraci\u00f3n de las agencias involucradas, desarrollar un plan de divulgaci\u00f3n municipal y continuar recopilando y ampliando los datos\u201d, explic\u00f3 Joselyn Santiago, una de las autoras principales del estudio.<\/p>\n\n\n\n<p>Aunque la orden ejecutiva expir\u00f3, el Instituto continuar\u00e1 ampliando y actualizando el Registro y el Cuestionario de Necesidades hasta por lo menos finales de diciembre de 2026. Esto permitir\u00e1 incorporar a m\u00e1s participantes, aumentar la representaci\u00f3n geogr\u00e1fica y fortalecer la informaci\u00f3n disponible para continuar apoyando el desarrollo de pol\u00edticas p\u00fablicas y servicios dirigidos a la comunidad sorda.<\/p>\n\n\n\n<p>\u201cEste esfuerzo es solo el comienzo, pues continuaremos fortaleciendo y ampliando tanto el registro como el estudio de necesidades. En el Instituto continuaremos buscando los recursos necesarios que nos permitan llegar a m\u00e1s personas dentro de las comunidades sordas que desean y necesitan ser escuchadas y representadas\u201d, expres\u00f3 Disdier.<\/p>\n\n\n\n<p>Historia relacionada:<a href=\"https:\/\/noticel.com\/en\/noticias\/20260823\/ya-estamos-hartos-comunidad-sorda-denuncia-veto-a-ley-de-lengua-de-senas-puertorriquena\/\" title=\"\"> \u00abYa estamos hartos\u00bb: comunidad sorda denuncia veto a ley de Lengua de Se\u00f1as Puertorrique\u00f1a<\/a><\/p>","protected":false},"excerpt":{"rendered":"<p>El 89% de las personas sordas que respondieron un cuestionario de necesidades, indic\u00f3 haber acudido a un hospital, cl\u00ednica u oficina m\u00e9dica durante el \u00faltimo a\u00f1o, pero lament\u00f3 que en estos espacios figuran la falta de int\u00e9rpretes y la ausencia de personal capacitado. El Instituto de Estad\u00edsticas de Puerto Rico (Instituto) present\u00f3 los resultados del [&hellip;]<\/p>","protected":false},"author":100,"featured_media":1021163,"comment_status":"open","ping_status":"open","sticky":false,"template":"","format":"standard","meta":{"_acf_changed":false,"_monsterinsights_skip_tracking":false,"ep_exclude_from_search":false,"footnotes":""},"categories":[3,69],"tags":[757,2966,6829],"class_list":["post-1021161","post","type-post","status-publish","format-standard","has-post-thumbnail","hentry","category-noticias","category-vida-y-bienestar","tag-estudio","tag-instituto-de-estadisticas","tag-sordos"],"acf":[],"aioseo_notices":[],"_links":{"self":[{"href":"https:\/\/noticel.com\/en\/wp-json\/wp\/v2\/posts\/1021161","targetHints":{"allow":["GET"]}}],"collection":[{"href":"https:\/\/noticel.com\/en\/wp-json\/wp\/v2\/posts"}],"about":[{"href":"https:\/\/noticel.com\/en\/wp-json\/wp\/v2\/types\/post"}],"author":[{"embeddable":true,"href":"https:\/\/noticel.com\/en\/wp-json\/wp\/v2\/users\/100"}],"replies":[{"embeddable":true,"href":"https:\/\/noticel.com\/en\/wp-json\/wp\/v2\/comments?post=1021161"}],"version-history":[{"count":3,"href":"https:\/\/noticel.com\/en\/wp-json\/wp\/v2\/posts\/1021161\/revisions"}],"predecessor-version":[{"id":1021241,"href":"https:\/\/noticel.com\/en\/wp-json\/wp\/v2\/posts\/1021161\/revisions\/1021241"}],"wp:featuredmedia":[{"embeddable":true,"href":"https:\/\/noticel.com\/en\/wp-json\/wp\/v2\/media\/1021163"}],"wp:attachment":[{"href":"https:\/\/noticel.com\/en\/wp-json\/wp\/v2\/media?parent=1021161"}],"wp:term":[{"taxonomy":"category","embeddable":true,"href":"https:\/\/noticel.com\/en\/wp-json\/wp\/v2\/categories?post=1021161"},{"taxonomy":"post_tag","embeddable":true,"href":"https:\/\/noticel.com\/en\/wp-json\/wp\/v2\/tags?post=1021161"}],"curies":[{"name":"wp","href":"https:\/\/api.w.org\/{rel}","templated":true}]}}