{"id":1021156,"date":"2026-08-28T14:12:12","date_gmt":"2026-08-28T18:12:12","guid":{"rendered":""},"modified":"2026-08-28T14:15:10","modified_gmt":"2026-08-28T18:15:10","slug":"comienza-el-lunes-el-proceso-de-radicacion-de-candidaturas-para-la-alcaldia-de-catano","status":"publish","type":"post","link":"https:\/\/noticel.com\/en\/ultima-hora\/20260828\/comienza-el-lunes-el-proceso-de-radicacion-de-candidaturas-para-la-alcaldia-de-catano\/","title":{"rendered":"Comienza el lunes el proceso de radicaci\u00f3n de candidaturas para la alcald\u00eda de Cata\u00f1o"},"content":{"rendered":"<p>La apertura de radicaci\u00f3n de candidaturas para participar en la elecci\u00f3n del nuevo alcalde o alcaldesa de Cata\u00f1o arranca este pr\u00f3ximo lunes, seg\u00fan anunci\u00f3 el Partido Nuevo Progresista en un edicto.<\/p>\n\n\n\n<p>El cierre del proceso de radicaci\u00f3n termina el 4 de septiembre.<\/p>\n\n\n\n<p>El sorteo de las posiciones en la papeleta est\u00e1 pautado para el 9 de septiembre y la elecci\u00f3n especial para el 27 de septiembre.<\/p>\n\n\n\n<p>Entre los que han mostrado inter\u00e9s figuran la viuda del fenecido alcalde Julio Alicea Vasallo, Bethzaida Rodr\u00edguez Torres\u00a0y el secretario de Asuntos del Consumidor, Hiram Torres Montalvo. Adem\u00e1s, Fernando \u00abTato\u00bb Cintr\u00f3n.<\/p>\n\n\n\n<p>El representante popular Domingo Torres Garc\u00eda ha denunciado que Torres Montalvo tendr\u00eda que haber renunciado ya al cargo para aspirar a la posici\u00f3n en Cata\u00f1o.<\/p>","protected":false},"excerpt":{"rendered":"<p>La apertura de radicaci\u00f3n de candidaturas para participar en la elecci\u00f3n del nuevo alcalde o alcaldesa de Cata\u00f1o arranca este pr\u00f3ximo lunes, seg\u00fan anunci\u00f3 el Partido Nuevo Progresista en un edicto. El cierre del proceso de radicaci\u00f3n termina el 4 de septiembre. El sorteo de las posiciones en la papeleta est\u00e1 pautado para el 9 [&hellip;]<\/p>","protected":false},"author":100,"featured_media":1021157,"comment_status":"open","ping_status":"open","sticky":false,"template":"","format":"standard","meta":{"_acf_changed":false,"_monsterinsights_skip_tracking":false,"ep_exclude_from_search":false,"footnotes":""},"categories":[3,7,2],"tags":[260,1506],"class_list":["post-1021156","post","type-post","status-publish","format-standard","has-post-thumbnail","hentry","category-noticias","category-politica","category-ultima-hora","tag-catano","tag-eleccion-especial"],"acf":[],"aioseo_notices":[],"_links":{"self":[{"href":"https:\/\/noticel.com\/en\/wp-json\/wp\/v2\/posts\/1021156","targetHints":{"allow":["GET"]}}],"collection":[{"href":"https:\/\/noticel.com\/en\/wp-json\/wp\/v2\/posts"}],"about":[{"href":"https:\/\/noticel.com\/en\/wp-json\/wp\/v2\/types\/post"}],"author":[{"embeddable":true,"href":"https:\/\/noticel.com\/en\/wp-json\/wp\/v2\/users\/100"}],"replies":[{"embeddable":true,"href":"https:\/\/noticel.com\/en\/wp-json\/wp\/v2\/comments?post=1021156"}],"version-history":[{"count":2,"href":"https:\/\/noticel.com\/en\/wp-json\/wp\/v2\/posts\/1021156\/revisions"}],"predecessor-version":[{"id":1021160,"href":"https:\/\/noticel.com\/en\/wp-json\/wp\/v2\/posts\/1021156\/revisions\/1021160"}],"wp:featuredmedia":[{"embeddable":true,"href":"https:\/\/noticel.com\/en\/wp-json\/wp\/v2\/media\/1021157"}],"wp:attachment":[{"href":"https:\/\/noticel.com\/en\/wp-json\/wp\/v2\/media?parent=1021156"}],"wp:term":[{"taxonomy":"category","embeddable":true,"href":"https:\/\/noticel.com\/en\/wp-json\/wp\/v2\/categories?post=1021156"},{"taxonomy":"post_tag","embeddable":true,"href":"https:\/\/noticel.com\/en\/wp-json\/wp\/v2\/tags?post=1021156"}],"curies":[{"name":"wp","href":"https:\/\/api.w.org\/{rel}","templated":true}]}}