{"id":1021128,"date":"2026-08-28T13:05:08","date_gmt":"2026-08-28T17:05:08","guid":{"rendered":""},"modified":"2026-08-28T13:26:45","modified_gmt":"2026-08-28T17:26:45","slug":"secretario-de-salud-dice-que-sigue-en-pie-para-septiembre-la-inauguracion-del-cdt-de-vieques","status":"publish","type":"post","link":"https:\/\/noticel.com\/en\/ultima-hora\/20260828\/secretario-de-salud-dice-que-sigue-en-pie-para-septiembre-la-inauguracion-del-cdt-de-vieques\/","title":{"rendered":"Secretario de Salud dice que sigue en pie para septiembre la inauguraci\u00f3n del CDT de Vieques"},"content":{"rendered":"<p>El secretario del Departamento de Salud, Dr. V\u00edctor Ramos Otero, realiz\u00f3 en la ma\u00f1ana de hoy una visita de inspecci\u00f3n al nuevo Centro de Diagn\u00f3stico y Tratamiento (CDT) de Vieques para constatar los avances en la fase final de habilitaci\u00f3n operacional de la facilidad, incluyendo la instalaci\u00f3n del nuevo equipo de tomograf\u00eda computarizada (CT Scan) recibido esta semana.<\/p>\n\n\n\n<p>La visita se da como seguimiento directo al anuncio realizado ayer sobre la llegada del nuevo CT Scan.<\/p>\n\n\n\n<p>\u201cAunque el Departamento de Salud y mi equipo de trabajo est\u00e1 aqu\u00ed y tiene reuniones todos los viernes. Vine personalmente a inspeccionar donde estamos y que falta. Lo que vi hoy es un proyecto que por fin se est\u00e1 haciendo como Vieques merece: con orden, con cumplimiento y con responsabilidad fiscal\u201d, expres\u00f3 Ramos Otero durante el recorrido.<\/p>\n\n\n\n<p><strong>Durante la inspecci\u00f3n, el Secretario verific\u00f3:<\/strong><\/p>\n\n\n\n<p><strong>1. Instalaci\u00f3n del nuevo CT Scan:&nbsp;<\/strong>El equipo, nuevo y con garant\u00eda vigente, se encuentra en proceso de instalaci\u00f3n conforme a las especificaciones del fabricante. Se iniciar\u00e1 en los pr\u00f3ximos d\u00edas el proceso de calibraci\u00f3n, pruebas de seguridad radiol\u00f3gica, inspecci\u00f3n y autorizaciones requeridas por la Divisi\u00f3n de Salud Radiol\u00f3gica antes de su puesta en servicio.<\/p>\n\n\n\n<p><strong>2. Llegada de equipos cl\u00ednicos:&nbsp;<\/strong>Como parte de la subasta adjudicada a trav\u00e9s de la Administraci\u00f3n de Servicios Generales (ASG) \u2014 luego de que el proceso inicial fuera cancelado para garantizar cumplimiento \u2014 ya han comenzado a llegar a la isla municipio parte de los equipos correspondientes a las \u00e1reas de Sala de Emergencias, laboratorio, farmacia y cuartos de observaci\u00f3n. Los seis licitadores adjudicados se encuentran dentro del t\u00e9rmino de 45 d\u00edas para completar las entregas.<\/p>\n\n\n\n<p><strong>3. \u00c1reas operacionales y de apoyo:&nbsp;<\/strong>El Secretario inspeccion\u00f3 las \u00e1reas de di\u00e1lisis \u2014 que operan desde octubre de 2025 en la nueva estructura \u2014 la Sala de Emergencias, el helipuerto con acreditaci\u00f3n&nbsp;completa de la Federal Aviation Administration (FAA) obtenida en abril de 2026, y las oficinas donde ya operan desde junio el Registro Demogr\u00e1fico, WIC, Medicaid \/ Plan Vital, Salud Ambiental y el Programa de Madres y Ni\u00f1os.<\/p>\n\n\n\n<p>Ramos Otero reiter\u00f3 que la estrategia de la administraci\u00f3n no es una inauguraci\u00f3n simb\u00f3lica, sino una puesta en operaci\u00f3n por fases, debidamente licenciada.<\/p>\n\n\n\n<p>\u201cUn CDT no se abre con una placa de bronce. Se abre con licenciamiento, con profesionales credencializados, con equipos calibrados, con protocolos de control de infecciones, manejo de emergencias, farmacia y laboratorio en cumplimiento. Eso es lo que estamos inspeccionando hoy: que cada componente est\u00e9 donde tiene que estar y como tiene que estar\u201d, sostuvo.<\/p>\n\n\n\n<p>El Secretario inform\u00f3 que el proceso competitivo para la administraci\u00f3n de los servicios del Centro de Salud, que recibi\u00f3 una sola propuesta, contin\u00faa en etapa de negociaci\u00f3n. Mientras culmina, el Departamento mantiene activa la alternativa operacional de la Unidad de Medicina de Campo para garantizar la continuidad del servicio de Sala de Emergencias sin interrupciones.<\/p>\n\n\n\n<p>\u201cEstamos convirtiendo infraestructura en servicios reales. Esta facilidad, reconocida por el Colegio de Ingenieros y Agrimensores de Puerto Rico (CIAPR) como Obra Sobresaliente de Ingenier\u00eda Civil y Ambiental y certificada como edificio verde bajo los principios de resiliencia de la Declaraci\u00f3n de San Juan 2022, ya es una realidad. Ahora nos toca asegurar que opere con la excelencia que Vieques exige y merece\u201d, a\u00f1adi\u00f3.<\/p>\n\n\n\n<p>El titular de Salud confirm\u00f3 que se mantiene el itinerario de trabajo para coordinar la inauguraci\u00f3n oficial para finales de septiembre de 2026, una vez completadas las entregas de equipos, las inspecciones finales y los procesos de licenciamiento correspondientes.<\/p>","protected":false},"excerpt":{"rendered":"<p>El secretario del Departamento de Salud, Dr. V\u00edctor Ramos Otero, realiz\u00f3 en la ma\u00f1ana de hoy una visita de inspecci\u00f3n al nuevo Centro de Diagn\u00f3stico y Tratamiento (CDT) de Vieques para constatar los avances en la fase final de habilitaci\u00f3n operacional de la facilidad, incluyendo la instalaci\u00f3n del nuevo equipo de tomograf\u00eda computarizada (CT Scan) [&hellip;]<\/p>","protected":false},"author":100,"featured_media":1021138,"comment_status":"open","ping_status":"open","sticky":false,"template":"","format":"standard","meta":{"_acf_changed":false,"_monsterinsights_skip_tracking":false,"ep_exclude_from_search":false,"footnotes":""},"categories":[12,3,2],"tags":[206,1740],"class_list":["post-1021128","post","type-post","status-publish","format-standard","has-post-thumbnail","hentry","category-la-calle","category-noticias","category-ultima-hora","tag-salud","tag-vieques"],"acf":[],"aioseo_notices":[],"_links":{"self":[{"href":"https:\/\/noticel.com\/en\/wp-json\/wp\/v2\/posts\/1021128","targetHints":{"allow":["GET"]}}],"collection":[{"href":"https:\/\/noticel.com\/en\/wp-json\/wp\/v2\/posts"}],"about":[{"href":"https:\/\/noticel.com\/en\/wp-json\/wp\/v2\/types\/post"}],"author":[{"embeddable":true,"href":"https:\/\/noticel.com\/en\/wp-json\/wp\/v2\/users\/100"}],"replies":[{"embeddable":true,"href":"https:\/\/noticel.com\/en\/wp-json\/wp\/v2\/comments?post=1021128"}],"version-history":[{"count":1,"href":"https:\/\/noticel.com\/en\/wp-json\/wp\/v2\/posts\/1021128\/revisions"}],"predecessor-version":[{"id":1021142,"href":"https:\/\/noticel.com\/en\/wp-json\/wp\/v2\/posts\/1021128\/revisions\/1021142"}],"wp:featuredmedia":[{"embeddable":true,"href":"https:\/\/noticel.com\/en\/wp-json\/wp\/v2\/media\/1021138"}],"wp:attachment":[{"href":"https:\/\/noticel.com\/en\/wp-json\/wp\/v2\/media?parent=1021128"}],"wp:term":[{"taxonomy":"category","embeddable":true,"href":"https:\/\/noticel.com\/en\/wp-json\/wp\/v2\/categories?post=1021128"},{"taxonomy":"post_tag","embeddable":true,"href":"https:\/\/noticel.com\/en\/wp-json\/wp\/v2\/tags?post=1021128"}],"curies":[{"name":"wp","href":"https:\/\/api.w.org\/{rel}","templated":true}]}}