{"id":1021118,"date":"2026-08-28T12:46:36","date_gmt":"2026-08-28T16:46:36","guid":{"rendered":"https:\/\/noticel.com\/?p=1021118"},"modified":"2026-08-28T12:55:37","modified_gmt":"2026-08-28T16:55:37","slug":"inician-repavimentacion-de-la-pr-161-en-santa-isabel","status":"publish","type":"post","link":"https:\/\/noticel.com\/en\/ultima-hora\/20260828\/inician-repavimentacion-de-la-pr-161-en-santa-isabel\/","title":{"rendered":"Inician repavimentaci\u00f3n de la PR-161 en Santa Isabel"},"content":{"rendered":"<p>El gobierno inici\u00f3 el proyecto de repavimentaci\u00f3n de la carretera PR-161, una v\u00eda principal para la movilidad de residentes y agricultores de Santa Isabel.<\/p>\n\n\n\n<p>Como parte de una asignaci\u00f3n de $94 millones  el Gobierno de Puerto Rico transfiri\u00f3 $1,796,648.19 en fondos estatales al Municipio de Santa Isabel para llevar a cabo los trabajos de rehabilitaci\u00f3n de la PR-161 desde el kil\u00f3metro 0 hasta el kil\u00f3metro 2.4, seg\u00fan inform\u00f3 La Fortaleza.<\/p>\n\n\n\n<p>La PR-161 es una de las principales arterias viales de Santa Isabel. La carretera atraviesa el centro del municipio y conecta sectores como el barrio Vel\u00e1zquez, barrio La Playa, el casco urbano, la barriada Felicia, barrio Paso Seco y barrio Jauca. Por esta v\u00eda transitan aproximadamente 8,700 veh\u00edculos diariamente, incluyendo veh\u00edculos particulares y transporte relacionado con la actividad<br>agr\u00edcola del municipio. <\/p>\n\n\n\n<p>Esta carretera no se repavimentaba desde el 1996, por lo que el proyecto responde a una necesidad de mantenimiento y seguridad vial acumulada durante d\u00e9cadas de uso continuo.<\/p>\n\n\n\n<p>Seg\u00fan se indic\u00f3, por la v\u00eda transitan 8,700 veh\u00edculos todos los d\u00edas. <\/p>\n\n\n\n<p>El proyecto no se limitar\u00e1 a la colocaci\u00f3n de nuevo pavimento. Los trabajos incluir\u00e1n el marcado del pavimento y la instalaci\u00f3n de ojos de gato, con el prop\u00f3sito de mejorar la visibilidad y seguridad de la v\u00eda.<\/p>\n\n\n\n<p>Adem\u00e1s, las tapas de registro y alcantarillas ser\u00e1n ajustadas para que queden a nivel con la superficie de la carretera, evitando desniveles que puedan afectar a los conductores.<\/p>","protected":false},"excerpt":{"rendered":"<p>El gobierno inici\u00f3 el proyecto de repavimentaci\u00f3n de la carretera PR-161, una v\u00eda principal para la movilidad de residentes y agricultores de Santa Isabel. Como parte de una asignaci\u00f3n de $94 millones el Gobierno de Puerto Rico transfiri\u00f3 $1,796,648.19 en fondos estatales al Municipio de Santa Isabel para llevar a cabo los trabajos de rehabilitaci\u00f3n [&hellip;]<\/p>","protected":false},"author":100,"featured_media":972362,"comment_status":"open","ping_status":"open","sticky":false,"template":"","format":"standard","meta":{"_acf_changed":false,"_monsterinsights_skip_tracking":false,"ep_exclude_from_search":false,"footnotes":""},"categories":[4,3,2],"tags":[228,1006],"class_list":["post-1021118","post","type-post","status-publish","format-standard","has-post-thumbnail","hentry","category-gobierno","category-noticias","category-ultima-hora","tag-dtop","tag-santa-isabel"],"acf":[],"aioseo_notices":[],"_links":{"self":[{"href":"https:\/\/noticel.com\/en\/wp-json\/wp\/v2\/posts\/1021118","targetHints":{"allow":["GET"]}}],"collection":[{"href":"https:\/\/noticel.com\/en\/wp-json\/wp\/v2\/posts"}],"about":[{"href":"https:\/\/noticel.com\/en\/wp-json\/wp\/v2\/types\/post"}],"author":[{"embeddable":true,"href":"https:\/\/noticel.com\/en\/wp-json\/wp\/v2\/users\/100"}],"replies":[{"embeddable":true,"href":"https:\/\/noticel.com\/en\/wp-json\/wp\/v2\/comments?post=1021118"}],"version-history":[{"count":2,"href":"https:\/\/noticel.com\/en\/wp-json\/wp\/v2\/posts\/1021118\/revisions"}],"predecessor-version":[{"id":1021131,"href":"https:\/\/noticel.com\/en\/wp-json\/wp\/v2\/posts\/1021118\/revisions\/1021131"}],"wp:featuredmedia":[{"embeddable":true,"href":"https:\/\/noticel.com\/en\/wp-json\/wp\/v2\/media\/972362"}],"wp:attachment":[{"href":"https:\/\/noticel.com\/en\/wp-json\/wp\/v2\/media?parent=1021118"}],"wp:term":[{"taxonomy":"category","embeddable":true,"href":"https:\/\/noticel.com\/en\/wp-json\/wp\/v2\/categories?post=1021118"},{"taxonomy":"post_tag","embeddable":true,"href":"https:\/\/noticel.com\/en\/wp-json\/wp\/v2\/tags?post=1021118"}],"curies":[{"name":"wp","href":"https:\/\/api.w.org\/{rel}","templated":true}]}}