{"id":1021035,"date":"2026-08-28T07:10:17","date_gmt":"2026-08-28T11:10:17","guid":{"rendered":""},"modified":"2026-08-28T07:15:06","modified_gmt":"2026-08-28T11:15:06","slug":"tormenta-dolly-se-desplaza-rapidamente-hacia-el-caribe-pero-se-debilita","status":"publish","type":"post","link":"https:\/\/noticel.com\/en\/noticias\/20260828\/tormenta-dolly-se-desplaza-rapidamente-hacia-el-caribe-pero-se-debilita\/","title":{"rendered":"Tormenta Dolly se desplaza r\u00e1pidamente hacia el Caribe, pero se debilita"},"content":{"rendered":"<p>La tormenta tropical Dolly contin\u00faa desplaz\u00e1ndose r\u00e1pidamente hacia el oeste sobre el Atl\u00e1ntico tropical. Seg\u00fan el bolet\u00edn de las 5:00 a. m. Dolly ten\u00eda vientos m\u00e1ximos sostenidos de 40 mph, una presi\u00f3n central de 1007 mb y se encontraba en la latitud 14.5\u00b0 N, longitud 44.8\u00b0 O, aproximadamente 1,145 millas al este de las Islas de Sotavento.<\/p>\n\n\n\n<p>Dolly se mueve r\u00e1pidamente hacia el oeste a 24 mph. El pron\u00f3stico muestra al sistema desplaz\u00e1ndose hacia el Caribe durante el fin de semana, pero tambi\u00e9n indica un debilitamiento progresivo. Para el s\u00e1bado todav\u00eda podr\u00eda mantenerse como tormenta tropical d\u00e9bil, pero posteriormente se espera que pierda su circulaci\u00f3n tropical y contin\u00fae hacia el oeste como una baja o sus remanentes.<\/p>\n\n\n\n<p>Para Puerto Rico no hay vigilancias ni avisos de cicl\u00f3n tropical.<\/p>\n\n\n\n<p>Adem\u00e1s, entre domingo y lunes podr\u00eda aumentar el oleaje generado por Dolly, por lo que habr\u00e1 que prestar atenci\u00f3n a las condiciones mar\u00edtimas y al riesgo de corrientes marinas.<\/p>","protected":false},"excerpt":{"rendered":"<p>La tormenta tropical Dolly contin\u00faa desplaz\u00e1ndose r\u00e1pidamente hacia el oeste sobre el Atl\u00e1ntico tropical. Seg\u00fan el bolet\u00edn de las 5:00 a. m. Dolly ten\u00eda vientos m\u00e1ximos sostenidos de 40 mph, una presi\u00f3n central de 1007 mb y se encontraba en la latitud 14.5\u00b0 N, longitud 44.8\u00b0 O, aproximadamente 1,145 millas al este de las Islas [&hellip;]<\/p>","protected":false},"author":101,"featured_media":1021036,"comment_status":"open","ping_status":"open","sticky":false,"template":"","format":"standard","meta":{"_acf_changed":false,"_monsterinsights_skip_tracking":false,"ep_exclude_from_search":false,"footnotes":""},"categories":[18,19,3],"tags":[1102,231],"class_list":["post-1021035","post","type-post","status-publish","format-standard","has-post-thumbnail","hentry","category-el-tiempo","category-huracanes","category-noticias","tag-oceano-atlantico","tag-tormenta-tropical"],"acf":[],"aioseo_notices":[],"_links":{"self":[{"href":"https:\/\/noticel.com\/en\/wp-json\/wp\/v2\/posts\/1021035","targetHints":{"allow":["GET"]}}],"collection":[{"href":"https:\/\/noticel.com\/en\/wp-json\/wp\/v2\/posts"}],"about":[{"href":"https:\/\/noticel.com\/en\/wp-json\/wp\/v2\/types\/post"}],"author":[{"embeddable":true,"href":"https:\/\/noticel.com\/en\/wp-json\/wp\/v2\/users\/101"}],"replies":[{"embeddable":true,"href":"https:\/\/noticel.com\/en\/wp-json\/wp\/v2\/comments?post=1021035"}],"version-history":[{"count":1,"href":"https:\/\/noticel.com\/en\/wp-json\/wp\/v2\/posts\/1021035\/revisions"}],"predecessor-version":[{"id":1021037,"href":"https:\/\/noticel.com\/en\/wp-json\/wp\/v2\/posts\/1021035\/revisions\/1021037"}],"wp:featuredmedia":[{"embeddable":true,"href":"https:\/\/noticel.com\/en\/wp-json\/wp\/v2\/media\/1021036"}],"wp:attachment":[{"href":"https:\/\/noticel.com\/en\/wp-json\/wp\/v2\/media?parent=1021035"}],"wp:term":[{"taxonomy":"category","embeddable":true,"href":"https:\/\/noticel.com\/en\/wp-json\/wp\/v2\/categories?post=1021035"},{"taxonomy":"post_tag","embeddable":true,"href":"https:\/\/noticel.com\/en\/wp-json\/wp\/v2\/tags?post=1021035"}],"curies":[{"name":"wp","href":"https:\/\/api.w.org\/{rel}","templated":true}]}}