{"id":1020871,"date":"2026-08-27T11:55:49","date_gmt":"2026-08-27T15:55:49","guid":{"rendered":""},"modified":"2026-08-27T12:39:53","modified_gmt":"2026-08-27T16:39:53","slug":"le-piden-la-renuncia-al-jefe-del-daco-que-abre-la-puerta-a-aspirar-a-la-alcaldia-de-catano","status":"publish","type":"post","link":"https:\/\/noticel.com\/en\/ultima-hora\/20260827\/le-piden-la-renuncia-al-jefe-del-daco-que-abre-la-puerta-a-aspirar-a-la-alcaldia-de-catano\/","title":{"rendered":"Le piden la renuncia al jefe del DACO, que abre la puerta a aspirar a la alcald\u00eda de Cata\u00f1o"},"content":{"rendered":"<p><\/p>\n\n\n\n<p>El representante y portavoz alterno del Partido Popular Democr\u00e1tico, Domingo Torres Garc\u00eda exigi\u00f3 hoy la renuncia inmediata del secretario del Departamento de Asuntos del Consumidor (DACO), Hiram Torres Montalvo, ante los pasos p\u00fablicos que ha tomado para evaluar una posible candidatura a la alcald\u00eda de Cata\u00f1o y la obligaci\u00f3n que establece el C\u00f3digo Electoral para los funcionarios de la Rama Ejecutiva que aspiren a cargos electivos.<\/p>\n\n\n\n<p>\u201cEl secretario del DACO tiene que decidir si va a trabajar en medio de una emergencia con la sequ\u00eda por los consumidores o si va a hacer campa\u00f1a para la alcald\u00eda de Cata\u00f1o. Es un irresponsable al pretender mantenerse al frente de una agencia con tan importantes responsabilidades mientras contempla una candidatura pol\u00edtica. No puede tener un pie en el Gobierno y otro en una campa\u00f1a electoral. Si realmente pretende aspirar, lo responsable es que renuncie, cumpla con el C\u00f3digo Electoral y le d\u00e9 paso a una persona que est\u00e9 cien por ciento dedicada a proteger a los consumidores\u201d, dijo Torres Garc\u00eda.<\/p>\n\n\n\n<p>El Art\u00edculo 7.2 (5) (c) del C\u00f3digo Electoral de Puerto Rico de 2020 establece como requisito que todo aspirante o candidato a un cargo electivo que se desempe\u00f1e como secretario, jefe, autoridad nominadora o director regional de una agencia, departamento, dependencia gubernamental o corporaci\u00f3n p\u00fablica de la Rama Ejecutiva deber\u00e1 presentar su renuncia treinta (30) d\u00edas antes de presentar su candidatura o su intenci\u00f3n de candidatura ante la Comisi\u00f3n Estatal de Elecciones.<\/p>\n\n\n\n<p>\u201cEsto no es una cuesti\u00f3n de interpretaci\u00f3n pol\u00edtica. El C\u00f3digo Electoral establece un t\u00e9rmino espec\u00edfico de 30 d\u00edas. Si el Secretario pretende entrar al proceso electoral de Cata\u00f1o, no puede esperar hasta el \u00faltimo momento para entonces renunciar. Tiene que cumplir con el requisito de ley\u201d, sostuvo Torres.<\/p>\n\n\n\n<p>La exigencia cobra mayor relevancia luego de que Torres Montalvo reconociera p\u00fablicamente que ha recibido acercamientos para aspirar a la alcald\u00eda de Cata\u00f1o y se\u00f1alara que no descarta participar del proceso. M\u00e1s recientemente, se inform\u00f3 que registr\u00f3 ante la Oficina del Contralor Electoral el comit\u00e9 pol\u00edtico \u2018Amigos de Hiram Torres y el Nuevo Cata\u00f1o\u2019 y que anticip\u00f3 que pr\u00f3ximamente anunciar\u00e1 su decisi\u00f3n sobre una eventual candidatura.<\/p>\n\n\n\n<p>\u201cEstamos a d\u00edas de que comience el proceso de radicaci\u00f3n de candidaturas para la elecci\u00f3n especial de Cata\u00f1o. Por eso la pregunta es sencilla: \u00bfcu\u00e1ndo piensa renunciar? Porque el pueblo tiene derecho a saber si tenemos un Secretario dedicado a atender los asuntos de los consumidores o a un funcionario que est\u00e1 preparando su plataforma pol\u00edtica\u201d, a\u00f1adi\u00f3 el legislador.<\/p><div class=\"notic-content-middle\" id=\"notic-682820041\"><div class=\"notic-adlabel\">Advertisements<\/div><a data-no-instant=\"1\" href=\"https:\/\/qrco.de\/bgxd5v\" rel=\"noopener\" class=\"a2t-link\" target=\"_blank\" aria-label=\"DisplayAd-728&#215;90\"><img loading=\"lazy\" decoding=\"async\" src=\"https:\/\/cdn.noticel.com\/2026\/08\/11173942\/DisplayAd-728x90-1.jpg\" alt=\"\"  srcset=\"https:\/\/cdn.noticel.com\/2026\/08\/11173942\/DisplayAd-728x90-1.jpg 728w, https:\/\/cdn.noticel.com\/2026\/08\/11173942\/DisplayAd-728x90-1-300x37.jpg 300w, https:\/\/cdn.noticel.com\/2026\/08\/11173942\/DisplayAd-728x90-1-18x2.jpg 18w\" sizes=\"(max-width: 728px) 100vw, 728px\" width=\"728\" height=\"90\"   \/><\/a><\/div>\n\n\n\n<p>Torres Garc\u00eda tambi\u00e9n advirti\u00f3 que una eventual renuncia de Torres Montalvo provocar\u00eda otro cambio en la direcci\u00f3n del DACO en menos de un a\u00f1o. La actual administraci\u00f3n removi\u00f3 a la entonces secretaria Valerie Rodr\u00edguez Erazo en diciembre de 2025 y design\u00f3 a Torres Montalvo para ocupar la secretar\u00eda.&nbsp;<\/p>\n\n\n\n<p>\u201cDACO no puede convertirse en una puerta giratoria. Apenas hace unos meses la agencia tuvo un cambio de secretario y ahora, si el actual titular decide aspirar a la alcald\u00eda, volver\u00edamos a tener al Departamento sin una direcci\u00f3n estable\u201d, expres\u00f3 el portavoz alterno del PPD, Torres Garc\u00eda.<\/p>\n\n\n\n<p>La Orden Ejecutiva 2026-035, emitida ante la emergencia relacionada con los bajos niveles de precipitaci\u00f3n y la reducci\u00f3n de los niveles de los principales embalses, incluye expresamente al Departamento de Asuntos del Consumidor dentro del plan de acci\u00f3n interagencial para atender la emergencia.<\/p>\n\n\n\n<p>La Orden Ejecutiva dispone, adem\u00e1s, que el DACO emita una orden administrativa de congelaci\u00f3n de precios sobre productos, materiales, equipos, suministros y servicios de primera necesidad necesarios para atender la emergencia. Tambi\u00e9n le ordena realizar las labores de inspecci\u00f3n, fiscalizaci\u00f3n y cumplimiento necesarias para garantizar que dicha orden y las disposiciones legales y reglamentarias sean observadas.<\/p>\n\n\n\n<p>\u201cMientras el pa\u00eds enfrenta una emergencia por la situaci\u00f3n del agua y el Gobierno ha tenido que ordenar medidas para proteger los precios de productos y servicios de primera necesidad, el secretario del DACO est\u00e1 contemplando cu\u00e1l ser\u00e1 su pr\u00f3ximo paso pol\u00edtico. Esa no puede ser la prioridad de quien dirige una agencia con responsabilidades tan importantes\u201d, denunci\u00f3 Torres.<\/p>\n\n\n\n<p>\u201cEn este momento, el DACO necesita un secretario concentrado en fiscalizar, proteger al consumidor y ejecutar las \u00f3rdenes del Gobierno. Si Hiram Torres Montalvo quiere ser candidato a alcalde de Cata\u00f1o, est\u00e1 en todo su derecho de aspirar, pero entonces que d\u00e9 el paso correspondiente, presente su renuncia y cumpla con el C\u00f3digo Electoral\u201d, concluy\u00f3 Torres Garc\u00eda.&nbsp;<br><\/p>","protected":false},"excerpt":{"rendered":"<p>El representante y portavoz alterno del Partido Popular Democr\u00e1tico, Domingo Torres Garc\u00eda exigi\u00f3 hoy la renuncia inmediata del secretario del Departamento de Asuntos del Consumidor (DACO), Hiram Torres Montalvo, ante los pasos p\u00fablicos que ha tomado para evaluar una posible candidatura a la alcald\u00eda de Cata\u00f1o y la obligaci\u00f3n que establece el C\u00f3digo Electoral para [&hellip;]<\/p>","protected":false},"author":100,"featured_media":262487,"comment_status":"open","ping_status":"open","sticky":false,"template":"","format":"standard","meta":{"_acf_changed":false,"_monsterinsights_skip_tracking":false,"ep_exclude_from_search":false,"footnotes":""},"categories":[4,3,2],"tags":[6679],"class_list":["post-1020871","post","type-post","status-publish","format-standard","has-post-thumbnail","hentry","category-gobierno","category-noticias","category-ultima-hora","tag-hiram-torres"],"acf":[],"aioseo_notices":[],"_links":{"self":[{"href":"https:\/\/noticel.com\/en\/wp-json\/wp\/v2\/posts\/1020871","targetHints":{"allow":["GET"]}}],"collection":[{"href":"https:\/\/noticel.com\/en\/wp-json\/wp\/v2\/posts"}],"about":[{"href":"https:\/\/noticel.com\/en\/wp-json\/wp\/v2\/types\/post"}],"author":[{"embeddable":true,"href":"https:\/\/noticel.com\/en\/wp-json\/wp\/v2\/users\/100"}],"replies":[{"embeddable":true,"href":"https:\/\/noticel.com\/en\/wp-json\/wp\/v2\/comments?post=1020871"}],"version-history":[{"count":2,"href":"https:\/\/noticel.com\/en\/wp-json\/wp\/v2\/posts\/1020871\/revisions"}],"predecessor-version":[{"id":1020874,"href":"https:\/\/noticel.com\/en\/wp-json\/wp\/v2\/posts\/1020871\/revisions\/1020874"}],"wp:featuredmedia":[{"embeddable":true,"href":"https:\/\/noticel.com\/en\/wp-json\/wp\/v2\/media\/262487"}],"wp:attachment":[{"href":"https:\/\/noticel.com\/en\/wp-json\/wp\/v2\/media?parent=1020871"}],"wp:term":[{"taxonomy":"category","embeddable":true,"href":"https:\/\/noticel.com\/en\/wp-json\/wp\/v2\/categories?post=1020871"},{"taxonomy":"post_tag","embeddable":true,"href":"https:\/\/noticel.com\/en\/wp-json\/wp\/v2\/tags?post=1020871"}],"curies":[{"name":"wp","href":"https:\/\/api.w.org\/{rel}","templated":true}]}}