{"id":1020857,"date":"2026-08-27T11:02:20","date_gmt":"2026-08-27T15:02:20","guid":{"rendered":""},"modified":"2026-08-27T11:41:45","modified_gmt":"2026-08-27T15:41:45","slug":"detienen-a-cinco-con-cocaina-valorada-en-54-millones-al-sur-de-puerto-rico","status":"publish","type":"post","link":"https:\/\/noticel.com\/en\/ultima-hora\/20260827\/detienen-a-cinco-con-cocaina-valorada-en-54-millones-al-sur-de-puerto-rico\/","title":{"rendered":"Detienen a cinco con coca\u00edna valorada en $54 millones al sur de Puerto Rico"},"content":{"rendered":"<ul class=\"wp-block-list\">\n<li><\/li>\n<\/ul>\n\n\n\n<p>EFE &#8211; La Guardia Costera estadounidense inform\u00f3 este jueves de la detenci\u00f3n frente a la costa sur de Puerto Rico de cinco personas que transportaban en una embarcaci\u00f3n un alijo de coca\u00edna valorado en $54.5 millones.<\/p>\n\n\n\n<p>La embarcaci\u00f3n fue interceptada a unas 50 millas (80 kil\u00f3metros) al sur de Puerto Rico con aproximadamente 7,250 libras (3,290 kilos) de coca\u00edna a bordo, seg\u00fan el comunicado de los guardacostas.<\/p>\n\n\n\n<p>Los cinco presuntos contrabandistas permanecen detenidos a la espera de una investigaci\u00f3n m\u00e1s exhaustiva, mientras que la embarcaci\u00f3n fue destruida por representar un peligro para la navegaci\u00f3n.<br>\u00abSeguiremos combatiendo las redes criminales que amenazan nuestra regi\u00f3n\u00bb, advirti\u00f3 en la nota el almirante Adam Chamie, comandante del Distrito Sureste de la Guardia Costera.<\/p><div class=\"notic-content-middle\" id=\"notic-2480081847\"><div class=\"notic-adlabel\">Advertisements<\/div><a data-no-instant=\"1\" href=\"https:\/\/www.asegurate-bien.com\/\" rel=\"noopener\" class=\"a2t-link\" target=\"_blank\" aria-label=\"Acodese-Adaptaciones-Noticel-300&#215;600\"><img loading=\"lazy\" decoding=\"async\" src=\"https:\/\/cdn.noticel.com\/2026\/05\/30094652\/Acodese-Adaptaciones-Noticel-300x600-1.jpg\" alt=\"\"  srcset=\"https:\/\/cdn.noticel.com\/2026\/05\/30094652\/Acodese-Adaptaciones-Noticel-300x600-1.jpg 300w, https:\/\/cdn.noticel.com\/2026\/05\/30094652\/Acodese-Adaptaciones-Noticel-300x600-1-150x300.jpg 150w, https:\/\/cdn.noticel.com\/2026\/05\/30094652\/Acodese-Adaptaciones-Noticel-300x600-1-6x12.jpg 6w\" sizes=\"(max-width: 300px) 100vw, 300px\" width=\"300\" height=\"600\"   \/><\/a><\/div>\n\n\n\n<p>En el operativo participaron tambi\u00e9n agentes de Operaciones A\u00e9reas y Mar\u00edtimas de la Oficina de Aduanas y Protecci\u00f3n Fronteriza (CBP, por sus siglas en ingl\u00e9s).<\/p>\n\n\n\n<p>Puerto Rico es, debido a su ubicaci\u00f3n estrat\u00e9gica, un punto de transbordo para el contrabando de drogas a Estados Unidos procedentes de Am\u00e9rica del Sur y otros pa\u00edses caribe\u00f1os.<\/p>","protected":false},"excerpt":{"rendered":"<p>EFE &#8211; La Guardia Costera estadounidense inform\u00f3 este jueves de la detenci\u00f3n frente a la costa sur de Puerto Rico de cinco personas que transportaban en una embarcaci\u00f3n un alijo de coca\u00edna valorado en $54.5 millones. La embarcaci\u00f3n fue interceptada a unas 50 millas (80 kil\u00f3metros) al sur de Puerto Rico con aproximadamente 7,250 libras [&hellip;]<\/p>","protected":false},"author":102,"featured_media":1020858,"comment_status":"open","ping_status":"open","sticky":false,"template":"","format":"standard","meta":{"_acf_changed":false,"_monsterinsights_skip_tracking":false,"ep_exclude_from_search":false,"footnotes":""},"categories":[3,15,2],"tags":[],"class_list":["post-1020857","post","type-post","status-publish","format-standard","has-post-thumbnail","hentry","category-noticias","category-policiacas","category-ultima-hora"],"acf":[],"aioseo_notices":[],"_links":{"self":[{"href":"https:\/\/noticel.com\/en\/wp-json\/wp\/v2\/posts\/1020857","targetHints":{"allow":["GET"]}}],"collection":[{"href":"https:\/\/noticel.com\/en\/wp-json\/wp\/v2\/posts"}],"about":[{"href":"https:\/\/noticel.com\/en\/wp-json\/wp\/v2\/types\/post"}],"author":[{"embeddable":true,"href":"https:\/\/noticel.com\/en\/wp-json\/wp\/v2\/users\/102"}],"replies":[{"embeddable":true,"href":"https:\/\/noticel.com\/en\/wp-json\/wp\/v2\/comments?post=1020857"}],"version-history":[{"count":2,"href":"https:\/\/noticel.com\/en\/wp-json\/wp\/v2\/posts\/1020857\/revisions"}],"predecessor-version":[{"id":1020860,"href":"https:\/\/noticel.com\/en\/wp-json\/wp\/v2\/posts\/1020857\/revisions\/1020860"}],"wp:featuredmedia":[{"embeddable":true,"href":"https:\/\/noticel.com\/en\/wp-json\/wp\/v2\/media\/1020858"}],"wp:attachment":[{"href":"https:\/\/noticel.com\/en\/wp-json\/wp\/v2\/media?parent=1020857"}],"wp:term":[{"taxonomy":"category","embeddable":true,"href":"https:\/\/noticel.com\/en\/wp-json\/wp\/v2\/categories?post=1020857"},{"taxonomy":"post_tag","embeddable":true,"href":"https:\/\/noticel.com\/en\/wp-json\/wp\/v2\/tags?post=1020857"}],"curies":[{"name":"wp","href":"https:\/\/api.w.org\/{rel}","templated":true}]}}