{"id":1020851,"date":"2026-08-27T10:40:56","date_gmt":"2026-08-27T14:40:56","guid":{"rendered":""},"modified":"2026-08-27T10:50:48","modified_gmt":"2026-08-27T14:50:48","slug":"contralora-revela-fallas-en-los-controles-internos-de-la-junta-de-retiro-del-gobierno","status":"publish","type":"post","link":"https:\/\/noticel.com\/en\/noticias\/20260827\/contralora-revela-fallas-en-los-controles-internos-de-la-junta-de-retiro-del-gobierno\/","title":{"rendered":"Contralora revela\u00a0fallas en los controles internos de la Junta de Retiro del gobierno"},"content":{"rendered":"<p>Una auditor\u00eda realizada a la Junta de Retiro del Gobierno de Puerto Rico arroj\u00f3 tres hallazgos significativos y dos comentarios especiales relacionados a la contrataci\u00f3n de servicios profesionales, el manejo de propiedad p\u00fablica y la gobernanza interna de la Junta.<\/p>\n\n\n\n<p>La auditor\u00eda fue realizada por la contralora Carmen Vega Fournier y cubre el periodo del 1 de julio de 2021 al 31 de mayo de 2025.<\/p>\n\n\n\n<p>El informe revel\u00f3 pagos indebidos ascendentes a $8,049 realizados a un contratista por servicios ofrecidos luego de agotarse los fondos del contrato, as\u00ed como deficiencias en la preintervenci\u00f3n de facturas que incluyen omisiones de datos requeridos, ausencia de informes de servicios y certificaciones emitidas sin firmas autorizadas. Tambi\u00e9n se detect\u00f3 el pago de $293 en exceso por concepto de comisi\u00f3n publicitaria m\u00e1s all\u00e1 del l\u00edmite permitido.<\/p>\n\n\n\n<p>Los auditores tambi\u00e9n identificaron que la Junta otorg\u00f3 un contrato por $348,333 y una enmienda por $140,000 a una corporaci\u00f3n for\u00e1nea que no estaba registrada en el Registro \u00danico de Proveedores de Servicios Profesionales al momento de contratarse. Esto incumple las disposiciones legales y reglamentarias aplicables.<\/p><div class=\"notic-content-middle\" id=\"notic-831384764\"><div class=\"notic-adlabel\">Advertisements<\/div><a data-no-instant=\"1\" href=\"https:\/\/www.asegurate-bien.com\/\" rel=\"noopener\" class=\"a2t-link\" target=\"_blank\" aria-label=\"Acodese-Adaptaciones-Noticel-300&#215;600\"><img loading=\"lazy\" decoding=\"async\" src=\"https:\/\/cdn.noticel.com\/2026\/05\/30094652\/Acodese-Adaptaciones-Noticel-300x600-1.jpg\" alt=\"\"  srcset=\"https:\/\/cdn.noticel.com\/2026\/05\/30094652\/Acodese-Adaptaciones-Noticel-300x600-1.jpg 300w, https:\/\/cdn.noticel.com\/2026\/05\/30094652\/Acodese-Adaptaciones-Noticel-300x600-1-150x300.jpg 150w, https:\/\/cdn.noticel.com\/2026\/05\/30094652\/Acodese-Adaptaciones-Noticel-300x600-1-6x12.jpg 6w\" sizes=\"(max-width: 300px) 100vw, 300px\" width=\"300\" height=\"600\"   \/><\/a><\/div>\n\n\n\n<p>En el \u00e1rea de propiedad, la auditor\u00eda se\u00f1al\u00f3 la ausencia de un inventario f\u00edsico al momento del nombramiento de la encargada de la propiedad en 2022, as\u00ed como discrepancias significativas entre los registros internos de la Junta y la informaci\u00f3n del Departamento de Hacienda. En total, 1,199 unidades por $2.6 millones no estaban registradas en Hacienda, mientras 894 unidades por $4.1 millones eliminadas internamente permanec\u00edan sin actualizar en el sistema oficial.<\/p>\n\n\n\n<p>Como parte de los comentarios especiales, la Oficina de la Contralora de Puerto Rico (OCPR) alert\u00f3 que, a pesar de que la Junta contaba con asignaciones de fondos de FEMA y CDBG-DR y reclamaciones a las aseguradoras por $28.6 millones, no hab\u00edan comenzado los trabajos de reconstrucci\u00f3n de la antigua sede de la Administraci\u00f3n de los Sistemas de Retiro al 8 de diciembre de 2025. Adem\u00e1s, el Comit\u00e9 de Auditor\u00eda Interna de la Junta no celebr\u00f3 reuniones desde su creaci\u00f3n en junio de 2022 hasta mayo de 2025, incumpliendo los requisitos de la Carta Circular 2022\u2011002.<\/p>\n\n\n\n<p>\u201cEstas deficiencias identificadas en la auditor\u00eda debilitan los procesos administrativos y aumentan el riesgo de irregularidades. Exhortamos a todos los funcionarios a mantener controles internos estrictos, formalizar adecuadamente sus contratos y asegurarse del uso responsable de los fondos p\u00fablicos\u201d, indic\u00f3 la contralora.<\/p>","protected":false},"excerpt":{"rendered":"<p>Una auditor\u00eda realizada a la Junta de Retiro del Gobierno de Puerto Rico arroj\u00f3 tres hallazgos significativos y dos comentarios especiales relacionados a la contrataci\u00f3n de servicios profesionales, el manejo de propiedad p\u00fablica y la gobernanza interna de la Junta. La auditor\u00eda fue realizada por la contralora Carmen Vega Fournier y cubre el periodo del [&hellip;]<\/p>","protected":false},"author":100,"featured_media":1020853,"comment_status":"open","ping_status":"open","sticky":false,"template":"","format":"standard","meta":{"_acf_changed":false,"_monsterinsights_skip_tracking":false,"ep_exclude_from_search":false,"footnotes":""},"categories":[4,3],"tags":[5403,1152,3160],"class_list":["post-1020851","post","type-post","status-publish","format-standard","has-post-thumbnail","hentry","category-gobierno","category-noticias","tag-auditoria","tag-contralora","tag-junta-de-retiro"],"acf":[],"aioseo_notices":[],"_links":{"self":[{"href":"https:\/\/noticel.com\/en\/wp-json\/wp\/v2\/posts\/1020851","targetHints":{"allow":["GET"]}}],"collection":[{"href":"https:\/\/noticel.com\/en\/wp-json\/wp\/v2\/posts"}],"about":[{"href":"https:\/\/noticel.com\/en\/wp-json\/wp\/v2\/types\/post"}],"author":[{"embeddable":true,"href":"https:\/\/noticel.com\/en\/wp-json\/wp\/v2\/users\/100"}],"replies":[{"embeddable":true,"href":"https:\/\/noticel.com\/en\/wp-json\/wp\/v2\/comments?post=1020851"}],"version-history":[{"count":2,"href":"https:\/\/noticel.com\/en\/wp-json\/wp\/v2\/posts\/1020851\/revisions"}],"predecessor-version":[{"id":1020855,"href":"https:\/\/noticel.com\/en\/wp-json\/wp\/v2\/posts\/1020851\/revisions\/1020855"}],"wp:featuredmedia":[{"embeddable":true,"href":"https:\/\/noticel.com\/en\/wp-json\/wp\/v2\/media\/1020853"}],"wp:attachment":[{"href":"https:\/\/noticel.com\/en\/wp-json\/wp\/v2\/media?parent=1020851"}],"wp:term":[{"taxonomy":"category","embeddable":true,"href":"https:\/\/noticel.com\/en\/wp-json\/wp\/v2\/categories?post=1020851"},{"taxonomy":"post_tag","embeddable":true,"href":"https:\/\/noticel.com\/en\/wp-json\/wp\/v2\/tags?post=1020851"}],"curies":[{"name":"wp","href":"https:\/\/api.w.org\/{rel}","templated":true}]}}