{"id":1020838,"date":"2026-08-30T09:13:39","date_gmt":"2026-08-30T13:13:39","guid":{"rendered":""},"modified":"2026-08-30T09:46:41","modified_gmt":"2026-08-30T13:46:41","slug":"mejoria-en-el-costo-de-la-transportacion-privada","status":"publish","type":"post","link":"https:\/\/noticel.com\/en\/ultima-hora\/20260830\/mejoria-en-el-costo-de-la-transportacion-privada\/","title":{"rendered":"Mejor\u00eda en el costo de la transportaci\u00f3n privada"},"content":{"rendered":"<p>En julio de 2026, el \u00cdndice de Precios al Consumidor registr\u00f3 la cifra de 143.805. Este reflej\u00f3 un aumento de 0.1% en comparaci\u00f3n con junio de 2026 (143.701), pero se dispar\u00f3 en 4% al comparar con julio de 2025.<\/p>\n\n\n\n<p>Seg\u00fan cifras del Departamento del Trabajo y Recursos Humanos, los grupos principales que reflejaron alzas de mes a mes en sus \u00edndices fueron: Alimentos y Bebidas,0.8 y Educaci\u00f3n y Comunicaci\u00f3n, 0.4%.<\/p>\n\n\n\n<p>El costo de la transportaci\u00f3n s\u00ed tuvo una notable mejor\u00eda con una reducci\u00f3n de 0.8%. y la transportaci\u00f3n privada tambi\u00e9n baj\u00f3 en 0.9%. Esa reducci\u00f3n en la transportaci\u00f3n privada fue posible gracias a una baja de 5% en combustible.<\/p><div class=\"notic-content-middle\" id=\"notic-1270418468\"><div class=\"notic-adlabel\">Advertisements<\/div><a data-no-instant=\"1\" href=\"https:\/\/www.asegurate-bien.com\/\" rel=\"noopener\" class=\"a2t-link\" target=\"_blank\" aria-label=\"Acodese-Adaptaciones-Noticel-728&#215;90\"><img loading=\"lazy\" decoding=\"async\" src=\"https:\/\/cdn.noticel.com\/2026\/07\/30095222\/Acodese-Adaptaciones-Noticel-728x90-1.jpg\" alt=\"\"  srcset=\"https:\/\/cdn.noticel.com\/2026\/07\/30095222\/Acodese-Adaptaciones-Noticel-728x90-1.jpg 728w, https:\/\/cdn.noticel.com\/2026\/07\/30095222\/Acodese-Adaptaciones-Noticel-728x90-1-300x37.jpg 300w, https:\/\/cdn.noticel.com\/2026\/07\/30095222\/Acodese-Adaptaciones-Noticel-728x90-1-18x2.jpg 18w\" sizes=\"(max-width: 728px) 100vw, 728px\" width=\"728\" height=\"90\"   \/><\/a><\/div>\n\n\n\n<p>En la comparaci\u00f3n interanual, la transportaci\u00f3n refleja un aumento de 10.1%, el entretenimiento en 4.4% y la ropa en 3.2%.<br>Los relojes y la joyer\u00eda vieron un aumento de 11.2% al comparar con julio de 2025.<\/p>\n\n\n\n<p>Entre junio y julio la clasificaci\u00f3n de bebidas alcoh\u00f3licas creci\u00f3 en precio por 1.4%, y el azote al bolsillo se refleja nota a \u00fan m\u00e1s en la comparativa interanual con un aumento de 2.6%. En alimentos en general, los precios aumentaron 0.5% entre junio y julio y 2.4% entre julio de 2025 y julio de 2026.<\/p>\n\n\n\n<p>Entre julio de 2025 y julio de 2026 el costo del alojamiento aument\u00f3 en 2%.<\/p>","protected":false},"excerpt":{"rendered":"<p>En julio de 2026, el \u00cdndice de Precios al Consumidor registr\u00f3 la cifra de 143.805. Este reflej\u00f3 un aumento de 0.1% en comparaci\u00f3n con junio de 2026 (143.701), pero se dispar\u00f3 en 4% al comparar con julio de 2025. Seg\u00fan cifras del Departamento del Trabajo y Recursos Humanos, los grupos principales que reflejaron alzas de [&hellip;]<\/p>","protected":false},"author":2736,"featured_media":1020844,"comment_status":"open","ping_status":"open","sticky":false,"template":"","format":"standard","meta":{"_acf_changed":false,"_monsterinsights_skip_tracking":false,"ep_exclude_from_search":false,"footnotes":""},"categories":[23,22,3,2],"tags":[802,2306],"class_list":["post-1020838","post","type-post","status-publish","format-standard","has-post-thumbnail","hentry","category-comercio","category-economia","category-noticias","category-ultima-hora","tag-inflacion","tag-precios"],"acf":[],"aioseo_notices":[],"_links":{"self":[{"href":"https:\/\/noticel.com\/en\/wp-json\/wp\/v2\/posts\/1020838","targetHints":{"allow":["GET"]}}],"collection":[{"href":"https:\/\/noticel.com\/en\/wp-json\/wp\/v2\/posts"}],"about":[{"href":"https:\/\/noticel.com\/en\/wp-json\/wp\/v2\/types\/post"}],"author":[{"embeddable":true,"href":"https:\/\/noticel.com\/en\/wp-json\/wp\/v2\/users\/2736"}],"replies":[{"embeddable":true,"href":"https:\/\/noticel.com\/en\/wp-json\/wp\/v2\/comments?post=1020838"}],"version-history":[{"count":1,"href":"https:\/\/noticel.com\/en\/wp-json\/wp\/v2\/posts\/1020838\/revisions"}],"predecessor-version":[{"id":1020845,"href":"https:\/\/noticel.com\/en\/wp-json\/wp\/v2\/posts\/1020838\/revisions\/1020845"}],"wp:featuredmedia":[{"embeddable":true,"href":"https:\/\/noticel.com\/en\/wp-json\/wp\/v2\/media\/1020844"}],"wp:attachment":[{"href":"https:\/\/noticel.com\/en\/wp-json\/wp\/v2\/media?parent=1020838"}],"wp:term":[{"taxonomy":"category","embeddable":true,"href":"https:\/\/noticel.com\/en\/wp-json\/wp\/v2\/categories?post=1020838"},{"taxonomy":"post_tag","embeddable":true,"href":"https:\/\/noticel.com\/en\/wp-json\/wp\/v2\/tags?post=1020838"}],"curies":[{"name":"wp","href":"https:\/\/api.w.org\/{rel}","templated":true}]}}