{"id":1020696,"date":"2026-08-26T14:12:45","date_gmt":"2026-08-26T18:12:45","guid":{"rendered":""},"modified":"2026-08-26T14:36:49","modified_gmt":"2026-08-26T18:36:49","slug":"centro-judicial-de-sj-cesa-labores-presenciales-por-problemas-con-aire-acondicionado","status":"publish","type":"post","link":"https:\/\/noticel.com\/en\/noticias\/20260826\/centro-judicial-de-sj-cesa-labores-presenciales-por-problemas-con-aire-acondicionado\/","title":{"rendered":"Centro Judicial de SJ cesa labores presenciales por problemas con aire acondicionado"},"content":{"rendered":"<p><\/p>\n\n\n\n<p>El director administrativo de los Tribunales, Sigfrido Steidel Figueroa, anunci\u00f3 el mi\u00e9rcoles que las labores presenciales en el Centro Judicial de San Juan cesar\u00e1n al mediod\u00eda debido a problemas con el sistema de acondicionamiento de aire.<\/p>\n\n\n\n<p>Las vistas presenciales pautadas para el mi\u00e9rcoles ser\u00e1n recalendarizadas y las nuevas fechas se notificar\u00e1n posteriormente. Los se\u00f1alamientos mediante videoconferencia se atender\u00e1n seg\u00fan programados.<\/p>\n\n\n\n<p>Como parte del plan especial, la Sala de Investigaciones de San Juan operar\u00e1 en su horario regular desde el Centro Judicial de Bayam\u00f3n.<\/p>\n\n\n\n<p>El Tribunal Electr\u00f3nico permanecer\u00e1 disponible en tribunalelectronico.pr para presentar solicitudes de \u00f3rdenes de protecci\u00f3n, ingreso involuntario por salud mental y otros asuntos urgentes de competencia municipal.<\/p><div class=\"notic-content-middle\" id=\"notic-1856058068\"><div class=\"notic-adlabel\">Advertisements<\/div><a data-no-instant=\"1\" href=\"https:\/\/qrco.de\/bgxd5v\" rel=\"noopener\" class=\"a2t-link\" target=\"_blank\" aria-label=\"DisplayAds-970&#215;250\"><img loading=\"lazy\" decoding=\"async\" src=\"https:\/\/cdn.noticel.com\/2026\/08\/11180314\/DisplayAds-970x250-1.jpg\" alt=\"\"  srcset=\"https:\/\/cdn.noticel.com\/2026\/08\/11180314\/DisplayAds-970x250-1.jpg 970w, https:\/\/cdn.noticel.com\/2026\/08\/11180314\/DisplayAds-970x250-1-300x77.jpg 300w, https:\/\/cdn.noticel.com\/2026\/08\/11180314\/DisplayAds-970x250-1-768x198.jpg 768w, https:\/\/cdn.noticel.com\/2026\/08\/11180314\/DisplayAds-970x250-1-18x5.jpg 18w\" sizes=\"(max-width: 970px) 100vw, 970px\" width=\"970\" height=\"250\"   \/><\/a><\/div>\n\n\n\n<p>Las personas que necesiten entregar documentos f\u00edsicos podr\u00e1n acudir a la Secretar\u00eda del Tribunal de Apelaciones o al Centro Judicial de Carolina. El Sistema Unificado de Manejo y Administraci\u00f3n de Casos (SUMAC) continuar\u00e1 disponible para la tramitaci\u00f3n electr\u00f3nica de casos civiles por parte de los abogados.<\/p>\n\n\n\n<p>Quienes interesen presentar en papel solicitudes de certificaciones u otros documentos ante la Oficina de Inspecci\u00f3n de Notar\u00edas (ODIN) podr\u00e1n hacerlo en el Archivo Notarial de San Juan. Los abogados y profesionales de la notar\u00eda deber\u00e1n utilizar la plataforma SIGNO Notarial.<\/p>\n\n\n\n<p>El Negociado de M\u00e9todos Alternos y el Centro de Mediaci\u00f3n de Conflictos de San Juan trabajar\u00e1n de manera remota. Los casos de mediaci\u00f3n citados para el mi\u00e9rcoles en la tarde se atender\u00e1n virtualmente y las solicitudes de servicio podr\u00e1n tramitarse mediante&nbsp;<a href=\"mailto:mediacion@poderjudicial.pr\">mediacion@poderjudicial.pr<\/a>.<\/p>\n\n\n\n<p>La L\u00ednea de Informaci\u00f3n del Poder Judicial est\u00e1 disponible en el 787-641-6263.<\/p>","protected":false},"excerpt":{"rendered":"<p>El director administrativo de los Tribunales, Sigfrido Steidel Figueroa, anunci\u00f3 el mi\u00e9rcoles que las labores presenciales en el Centro Judicial de San Juan cesar\u00e1n al mediod\u00eda debido a problemas con el sistema de acondicionamiento de aire. Las vistas presenciales pautadas para el mi\u00e9rcoles ser\u00e1n recalendarizadas y las nuevas fechas se notificar\u00e1n posteriormente. Los se\u00f1alamientos mediante [&hellip;]<\/p>","protected":false},"author":101,"featured_media":1020704,"comment_status":"open","ping_status":"open","sticky":false,"template":"","format":"standard","meta":{"_acf_changed":false,"_monsterinsights_skip_tracking":false,"ep_exclude_from_search":false,"footnotes":""},"categories":[4,3],"tags":[152,700],"class_list":["post-1020696","post","type-post","status-publish","format-standard","has-post-thumbnail","hentry","category-gobierno","category-noticias","tag-puerto-rico","tag-tribunales"],"acf":[],"aioseo_notices":[],"_links":{"self":[{"href":"https:\/\/noticel.com\/en\/wp-json\/wp\/v2\/posts\/1020696","targetHints":{"allow":["GET"]}}],"collection":[{"href":"https:\/\/noticel.com\/en\/wp-json\/wp\/v2\/posts"}],"about":[{"href":"https:\/\/noticel.com\/en\/wp-json\/wp\/v2\/types\/post"}],"author":[{"embeddable":true,"href":"https:\/\/noticel.com\/en\/wp-json\/wp\/v2\/users\/101"}],"replies":[{"embeddable":true,"href":"https:\/\/noticel.com\/en\/wp-json\/wp\/v2\/comments?post=1020696"}],"version-history":[{"count":2,"href":"https:\/\/noticel.com\/en\/wp-json\/wp\/v2\/posts\/1020696\/revisions"}],"predecessor-version":[{"id":1020706,"href":"https:\/\/noticel.com\/en\/wp-json\/wp\/v2\/posts\/1020696\/revisions\/1020706"}],"wp:featuredmedia":[{"embeddable":true,"href":"https:\/\/noticel.com\/en\/wp-json\/wp\/v2\/media\/1020704"}],"wp:attachment":[{"href":"https:\/\/noticel.com\/en\/wp-json\/wp\/v2\/media?parent=1020696"}],"wp:term":[{"taxonomy":"category","embeddable":true,"href":"https:\/\/noticel.com\/en\/wp-json\/wp\/v2\/categories?post=1020696"},{"taxonomy":"post_tag","embeddable":true,"href":"https:\/\/noticel.com\/en\/wp-json\/wp\/v2\/tags?post=1020696"}],"curies":[{"name":"wp","href":"https:\/\/api.w.org\/{rel}","templated":true}]}}